{"id":157133,"date":"2018-10-31T13:51:07","date_gmt":"2018-10-31T16:51:07","guid":{"rendered":"https:\/\/www.redenoticia.com.br\/noticia\/?p=157133"},"modified":"2018-10-31T13:51:07","modified_gmt":"2018-10-31T16:51:07","slug":"resumo-novela-o-tempo-nao-para-01-11-marocas-procura-samuca-e-se-beijam","status":"publish","type":"post","link":"https:\/\/migracao.redenoticia.com.br\/noticia\/2018\/resumo-novela-o-tempo-nao-para-01-11-marocas-procura-samuca-e-se-beijam\/157133","title":{"rendered":"Resumo novela \u201cO Tempo N\u00e3o Para\u201d 01\/11: Marocas procura Samuca e se beijam"},"content":{"rendered":"<p><img loading=\"lazy\" decoding=\"async\" class=\"alignleft size-thumbnail wp-image-148135\" src=\"https:\/\/migracao.redenoticia.com.br\/noticia\/imagens\/o-tempo-nao-para-novela-resumo-150x112.jpg\" alt=\"\" width=\"150\" height=\"112\" srcset=\"https:\/\/migracao.redenoticia.com.br\/noticia\/imagens\/o-tempo-nao-para-novela-resumo-150x112.jpg 150w, https:\/\/migracao.redenoticia.com.br\/noticia\/imagens\/o-tempo-nao-para-novela-resumo-265x198.jpg 265w, https:\/\/migracao.redenoticia.com.br\/noticia\/imagens\/o-tempo-nao-para-novela-resumo-485x360.jpg 485w\" sizes=\"auto, (max-width: 150px) 100vw, 150px\" \/><strong><em>Resumo novela \u201cO Tempo N\u00e3o Para\u201d 01\/11 <\/em><\/strong>: no cap\u00edtulo 081(*) da novela \u201cO Tempo N\u00e3o Para\u201d, resumo quinta-feira, 01 de novembro, Samuca promete a Coronela que assumir\u00e1 sua responsabilidade na gravidez de Waleska. Marocas conclui que a pasta que poderia inocentar Dom Sabino foi roubada por Em\u00edlio. Mariacarla oferece um emprego a Eliseu. Waleska confessa a Samuca que tem d\u00favidas sobre a paternidade de seu beb\u00ea. Miss Celine recomenda que Marocas fale com Dom Sabino sobre a chantagem que est\u00e1 sofrendo de Em\u00edlio. As g\u00eameas ficam felizes ao saber que Cec\u00edlio \u00e9 seu irm\u00e3o. Marocas procura Samuca e os dois se beijam.<\/p>\n<p>(*) edi\u00e7\u00e3o da Rede Globo, Novela \u201cO Tempo N\u00e3o Para\u201d, sujeito a altera\u00e7\u00e3o de data e conte\u00fado.<\/p>\n<p>Anos de avan\u00e7os e descobertas que moldaram costumes, h\u00e1bitos e linguagens da sociedade contempor\u00e2nea v\u00e3o gerar um choque em uma abastada fam\u00edlia do s\u00e9culo XIX que desperta no s\u00e9culo XXI. Por 132 anos, os Sabino Machado e seus agregados ficaram congelados, dentro de um bloco de gelo, enquanto a vida l\u00e1 fora passava. Agora, v\u00e3o despertar em uma S\u00e3o Paulo pulsante e turbulenta e se deparar com a sociedade em pleno 2018. &#8220;O Tempo N\u00e3o Para&#8221;, nova novela das 7, \u00e9 escrita por Mario Teixeira e tem dire\u00e7\u00e3o art\u00edstica de Leonardo Nogueira.<\/p>\n","protected":false},"excerpt":{"rendered":"<p>Resumo novela \u201cO Tempo N\u00e3o Para\u201d 01\/11 : no cap\u00edtulo 081(*) da novela \u201cO Tempo N\u00e3o Para\u201d, resumo quinta-feira, 01 de novembro, Samuca promete a Coronela que assumir\u00e1 sua responsabilidade na gravidez de Waleska. Marocas conclui que a pasta que poderia inocentar Dom Sabino foi roubada por Em\u00edlio. Mariacarla oferece um emprego a Eliseu. Waleska [&hellip;]<\/p>\n","protected":false},"author":4,"featured_media":148135,"comment_status":"open","ping_status":"closed","sticky":false,"template":"","format":"standard","meta":{"tdm_status":"","tdm_grid_status":"","footnotes":""},"categories":[379,490,375,343],"tags":[441],"class_list":{"0":"post-157133","1":"post","2":"type-post","3":"status-publish","4":"format-standard","5":"has-post-thumbnail","7":"category-novelas","8":"category-o-tempo-nao-para","9":"category-rede-globo","10":"category-televisao","11":"tag-resumo-do-dia"},"_links":{"self":[{"href":"https:\/\/migracao.redenoticia.com.br\/noticia\/wp-json\/wp\/v2\/posts\/157133","targetHints":{"allow":["GET"]}}],"collection":[{"href":"https:\/\/migracao.redenoticia.com.br\/noticia\/wp-json\/wp\/v2\/posts"}],"about":[{"href":"https:\/\/migracao.redenoticia.com.br\/noticia\/wp-json\/wp\/v2\/types\/post"}],"author":[{"embeddable":true,"href":"https:\/\/migracao.redenoticia.com.br\/noticia\/wp-json\/wp\/v2\/users\/4"}],"replies":[{"embeddable":true,"href":"https:\/\/migracao.redenoticia.com.br\/noticia\/wp-json\/wp\/v2\/comments?post=157133"}],"version-history":[{"count":0,"href":"https:\/\/migracao.redenoticia.com.br\/noticia\/wp-json\/wp\/v2\/posts\/157133\/revisions"}],"wp:featuredmedia":[{"embeddable":true,"href":"https:\/\/migracao.redenoticia.com.br\/noticia\/wp-json\/wp\/v2\/media\/148135"}],"wp:attachment":[{"href":"https:\/\/migracao.redenoticia.com.br\/noticia\/wp-json\/wp\/v2\/media?parent=157133"}],"wp:term":[{"taxonomy":"category","embeddable":true,"href":"https:\/\/migracao.redenoticia.com.br\/noticia\/wp-json\/wp\/v2\/categories?post=157133"},{"taxonomy":"post_tag","embeddable":true,"href":"https:\/\/migracao.redenoticia.com.br\/noticia\/wp-json\/wp\/v2\/tags?post=157133"}],"curies":[{"name":"wp","href":"https:\/\/api.w.org\/{rel}","templated":true}]}}