{"id":157185,"date":"2018-11-01T09:06:37","date_gmt":"2018-11-01T12:06:37","guid":{"rendered":"https:\/\/www.redenoticia.com.br\/noticia\/?p=157185"},"modified":"2018-11-01T09:06:57","modified_gmt":"2018-11-01T12:06:57","slug":"novela-o-tempo-nao-para-emilio-lamenta-a-descoberta-de-suas-contas-ilegais","status":"publish","type":"post","link":"https:\/\/migracao.redenoticia.com.br\/noticia\/2018\/novela-o-tempo-nao-para-emilio-lamenta-a-descoberta-de-suas-contas-ilegais\/157185","title":{"rendered":"Novela \u201cO Tempo N\u00e3o Para\u201d: Em\u00edlio lamenta a descoberta de suas contas ilegais"},"content":{"rendered":"<p><img loading=\"lazy\" decoding=\"async\" src=\"https:\/\/migracao.redenoticia.com.br\/noticia\/imagens\/o-tempo-nao-para-resumo-novela-111-150x112.jpg\" alt=\"\" width=\"150\" height=\"112\" class=\"alignleft size-thumbnail wp-image-149479\" srcset=\"https:\/\/migracao.redenoticia.com.br\/noticia\/imagens\/o-tempo-nao-para-resumo-novela-111-150x112.jpg 150w, https:\/\/migracao.redenoticia.com.br\/noticia\/imagens\/o-tempo-nao-para-resumo-novela-111-265x198.jpg 265w, https:\/\/migracao.redenoticia.com.br\/noticia\/imagens\/o-tempo-nao-para-resumo-novela-111-485x360.jpg 485w\" sizes=\"auto, (max-width: 150px) 100vw, 150px\" \/><strong><em>Novela \u201cO Tempo N\u00e3o Para\u201d:<\/em><\/strong> Carmen (Christiane Torloni) \u00e9 enganada pela secret\u00e1ria de Em\u00edlio (Jo\u00e3o Baldasserini) e assina pap\u00e9is sem ler. Em\u00edlio desvia R$ 100 milh\u00f5es da Samvita e Carmen \u00e9 considerada autora do crime. Ela \u00e9 afastada de seu cargo. Para provar sua inoc\u00eancia, Carmen pede ajuda de Vanda (Lucy Ramos) e a secret\u00e1ria de Em\u00edlio confirma que ele mandou o dinheiro para outros pa\u00edses. <\/p>\n<p>Samuca (Nicolas Prattes) fica surpreso e Sabino (Edson Celulari) comenta que no tempo dele n\u00e3o existia Para\u00edsos Fiscais. Dias depois, Vanda consegue provas que inocentam Carmen. Enquanto isso, Em\u00edlio lamenta a descoberta de suas contas ilegais e reclama com  Mariacarla (Regiane Alves). Cena prevista para 14 de novembro. <\/p>\n<p>(*) edi\u00e7\u00e3o da Rede Globo, Novela \u201cO Tempo N\u00e3o Para\u201d, sujeito a altera\u00e7\u00e3o de data e conte\u00fado.<\/p>\n<p>Anos de avan\u00e7os e descobertas que moldaram costumes, h\u00e1bitos e linguagens da sociedade contempor\u00e2nea v\u00e3o gerar um choque em uma abastada fam\u00edlia do s\u00e9culo XIX que desperta no s\u00e9culo XXI. Por 132 anos, os Sabino Machado e seus agregados ficaram congelados, dentro de um bloco de gelo, enquanto a vida l\u00e1 fora passava. Agora, v\u00e3o despertar em uma S\u00e3o Paulo pulsante e turbulenta e se deparar com a sociedade em pleno 2018. &#8220;O Tempo N\u00e3o Para&#8221;, nova novela das 7, \u00e9 escrita por Mario Teixeira e tem dire\u00e7\u00e3o art\u00edstica de Leonardo Nogueira.<\/p>\n","protected":false},"excerpt":{"rendered":"<p>Novela \u201cO Tempo N\u00e3o Para\u201d: Carmen (Christiane Torloni) \u00e9 enganada pela secret\u00e1ria de Em\u00edlio (Jo\u00e3o Baldasserini) e assina pap\u00e9is sem ler. Em\u00edlio desvia R$ 100 milh\u00f5es da Samvita e Carmen \u00e9 considerada autora do crime. Ela \u00e9 afastada de seu cargo. Para provar sua inoc\u00eancia, Carmen pede ajuda de Vanda (Lucy Ramos) e a secret\u00e1ria [&hellip;]<\/p>\n","protected":false},"author":2,"featured_media":149479,"comment_status":"open","ping_status":"closed","sticky":false,"template":"","format":"standard","meta":{"tdm_status":"","tdm_grid_status":"","footnotes":""},"categories":[388,379,462,375,343],"tags":[440],"class_list":{"0":"post-157185","1":"post","2":"type-post","3":"status-publish","4":"format-standard","5":"has-post-thumbnail","7":"category-destaques","8":"category-novelas","9":"category-o-outro-lado-do-paraiso","10":"category-rede-globo","11":"category-televisao","12":"tag-noticia-novela"},"_links":{"self":[{"href":"https:\/\/migracao.redenoticia.com.br\/noticia\/wp-json\/wp\/v2\/posts\/157185","targetHints":{"allow":["GET"]}}],"collection":[{"href":"https:\/\/migracao.redenoticia.com.br\/noticia\/wp-json\/wp\/v2\/posts"}],"about":[{"href":"https:\/\/migracao.redenoticia.com.br\/noticia\/wp-json\/wp\/v2\/types\/post"}],"author":[{"embeddable":true,"href":"https:\/\/migracao.redenoticia.com.br\/noticia\/wp-json\/wp\/v2\/users\/2"}],"replies":[{"embeddable":true,"href":"https:\/\/migracao.redenoticia.com.br\/noticia\/wp-json\/wp\/v2\/comments?post=157185"}],"version-history":[{"count":0,"href":"https:\/\/migracao.redenoticia.com.br\/noticia\/wp-json\/wp\/v2\/posts\/157185\/revisions"}],"wp:featuredmedia":[{"embeddable":true,"href":"https:\/\/migracao.redenoticia.com.br\/noticia\/wp-json\/wp\/v2\/media\/149479"}],"wp:attachment":[{"href":"https:\/\/migracao.redenoticia.com.br\/noticia\/wp-json\/wp\/v2\/media?parent=157185"}],"wp:term":[{"taxonomy":"category","embeddable":true,"href":"https:\/\/migracao.redenoticia.com.br\/noticia\/wp-json\/wp\/v2\/categories?post=157185"},{"taxonomy":"post_tag","embeddable":true,"href":"https:\/\/migracao.redenoticia.com.br\/noticia\/wp-json\/wp\/v2\/tags?post=157185"}],"curies":[{"name":"wp","href":"https:\/\/api.w.org\/{rel}","templated":true}]}}