{"id":157226,"date":"2018-11-01T08:36:18","date_gmt":"2018-11-01T11:36:18","guid":{"rendered":"https:\/\/www.redenoticia.com.br\/noticia\/?p=157226"},"modified":"2018-10-31T20:46:25","modified_gmt":"2018-10-31T23:46:25","slug":"novela-jesus-resumo-02-11-maria-madalena-discute-com-petronius","status":"publish","type":"post","link":"https:\/\/migracao.redenoticia.com.br\/noticia\/2018\/novela-jesus-resumo-02-11-maria-madalena-discute-com-petronius\/157226","title":{"rendered":"Novela \u201cJesus\u201d resumo 02\/11: Maria Madalena discute com Petronius"},"content":{"rendered":"<p> <img loading=\"lazy\" decoding=\"async\" src=\"https:\/\/migracao.redenoticia.com.br\/noticia\/imagens\/jesus-resumo-novela-record-capitulo-150x112.jpg\" alt=\"\" width=\"150\" height=\"112\" class=\"alignleft size-thumbnail wp-image-148655\" srcset=\"https:\/\/migracao.redenoticia.com.br\/noticia\/imagens\/jesus-resumo-novela-record-capitulo-150x112.jpg 150w, https:\/\/migracao.redenoticia.com.br\/noticia\/imagens\/jesus-resumo-novela-record-capitulo-265x198.jpg 265w\" sizes=\"auto, (max-width: 150px) 100vw, 150px\" \/><em><strong>Novela \u201cJesus\u201d resumo 02\/11<\/strong><\/em>: no capitulo 074 (*) da novela \u201cJesus\u201d, sexta-feira, 02 de novembro, Caius expulsa Edissa do pal\u00e1cio. Jesus re\u00fane os ap\u00f3stolos e avisa que a partir de agora lhes dar\u00e1 autoridade e poder sobre todos os dem\u00f4nios. Madalena descobre sobre o mal que Petronius fez a Barrab\u00e1s no passado. O irm\u00e3o de Sim\u00e3o Zelote enfrenta Malco. Jesus diz para seus ap\u00f3stolos n\u00e3o irem a lugares que o povo n\u00e3o seja judeu. Maria Madalena discute com Petronius. Barrab\u00e1s questiona a atitude de Malco, que fica furioso. Maria \u00e9 apresentada a Pilatos. Os ap\u00f3stolos ficam impressionados e assustados com as palavras de Jesus. Efraim passa mal e diz para n\u00e3o chamarem Jesus. Herod\u00edade se recusa a entregar os restos mortais de Jo\u00e3o Batista \u00e0 Joana. Edissa entra em uma carro\u00e7a para tentar entrar no pal\u00e1cio.<\/p>\n<p>(*) edi\u00e7\u00e3o da Rede Record, Novela \u201cJesus\u201d, sujeito a altera\u00e7\u00e3o de data e conte\u00fado.<\/p>\n<p>\u201cJesus\u201d &#8211; Ap\u00f3s receber a anuncia\u00e7\u00e3o de que o filho de Deus estava a caminho, Maria (Cl\u00e1udia Mauro) d\u00e1 a luz ao escolhido e, junto com o marido Jos\u00e9 (Michel Bercovitch), cria com valores e bons princ\u00edpios o jovem escolhido Jesus (Dudu Azevedo). A profecia do escolhido incomoda o rei Herodes (Paulo Gorgulho), que passa a perseguir a fam\u00edlia, for\u00e7ando Maria e Jos\u00e9 a criarem Jesus como um jovem comum longe de sua miss\u00e3o.<\/p>\n","protected":false},"excerpt":{"rendered":"<p>Novela \u201cJesus\u201d resumo 02\/11: no capitulo 074 (*) da novela \u201cJesus\u201d, sexta-feira, 02 de novembro, Caius expulsa Edissa do pal\u00e1cio. Jesus re\u00fane os ap\u00f3stolos e avisa que a partir de agora lhes dar\u00e1 autoridade e poder sobre todos os dem\u00f4nios. Madalena descobre sobre o mal que Petronius fez a Barrab\u00e1s no passado. O irm\u00e3o de [&hellip;]<\/p>\n","protected":false},"author":2,"featured_media":149879,"comment_status":"open","ping_status":"closed","sticky":false,"template":"","format":"standard","meta":{"tdm_status":"","tdm_grid_status":"","footnotes":""},"categories":[488,379,371,343],"tags":[441],"class_list":{"0":"post-157226","1":"post","2":"type-post","3":"status-publish","4":"format-standard","5":"has-post-thumbnail","7":"category-jesus","8":"category-novelas","9":"category-rede-record","10":"category-televisao","11":"tag-resumo-do-dia"},"_links":{"self":[{"href":"https:\/\/migracao.redenoticia.com.br\/noticia\/wp-json\/wp\/v2\/posts\/157226","targetHints":{"allow":["GET"]}}],"collection":[{"href":"https:\/\/migracao.redenoticia.com.br\/noticia\/wp-json\/wp\/v2\/posts"}],"about":[{"href":"https:\/\/migracao.redenoticia.com.br\/noticia\/wp-json\/wp\/v2\/types\/post"}],"author":[{"embeddable":true,"href":"https:\/\/migracao.redenoticia.com.br\/noticia\/wp-json\/wp\/v2\/users\/2"}],"replies":[{"embeddable":true,"href":"https:\/\/migracao.redenoticia.com.br\/noticia\/wp-json\/wp\/v2\/comments?post=157226"}],"version-history":[{"count":0,"href":"https:\/\/migracao.redenoticia.com.br\/noticia\/wp-json\/wp\/v2\/posts\/157226\/revisions"}],"wp:featuredmedia":[{"embeddable":true,"href":"https:\/\/migracao.redenoticia.com.br\/noticia\/wp-json\/wp\/v2\/media\/149879"}],"wp:attachment":[{"href":"https:\/\/migracao.redenoticia.com.br\/noticia\/wp-json\/wp\/v2\/media?parent=157226"}],"wp:term":[{"taxonomy":"category","embeddable":true,"href":"https:\/\/migracao.redenoticia.com.br\/noticia\/wp-json\/wp\/v2\/categories?post=157226"},{"taxonomy":"post_tag","embeddable":true,"href":"https:\/\/migracao.redenoticia.com.br\/noticia\/wp-json\/wp\/v2\/tags?post=157226"}],"curies":[{"name":"wp","href":"https:\/\/api.w.org\/{rel}","templated":true}]}}