{"id":15732,"date":"2009-10-29T18:35:27","date_gmt":"2009-10-29T22:35:27","guid":{"rendered":"http:\/\/www.redenoticia.com.br\/noticia\/?p=15732"},"modified":"2009-10-29T18:35:27","modified_gmt":"2009-10-29T22:35:27","slug":"maisa-apresenta-as-melhores-animacoes-do-fim-de-semana-no-sbt","status":"publish","type":"post","link":"https:\/\/migracao.redenoticia.com.br\/noticia\/2009\/maisa-apresenta-as-melhores-animacoes-do-fim-de-semana-no-sbt\/15732","title":{"rendered":"Maisa apresenta as melhores anima\u00e7\u00f5es do fim de semana no SBT"},"content":{"rendered":"<p><strong>SBT<\/strong> &#8211; O fim de semana \u00e9 muito mais divertido com a pequena <strong>Maisa Silva<\/strong> e as atra\u00e7\u00f5es do S\u00e1bado Animado e Domingo Animado. Confira as anima\u00e7\u00f5es em cartaz:<\/p>\n<p>Polly Pocket: Divers\u00e3o no Hotel Pocket Plaza<\/p>\n<p>S\u00e1bado Animado | a partir das 7h<\/p>\n<p>Polly convida Lila, Shani, Ana e Lea para a inaugura\u00e7\u00e3o do hotel Pocket Plaza. A banda de Polly far\u00e1 a abertura do show de Eric Wilder! Este promete ser o melhor final de semana de todos os tempos! Pia, prima de Polly, vir\u00e1 para o evento e seu sonho \u00e9 fazer parte da banda de Polly, mas a Sr\u00aa Throckmorton n\u00e3o permite. A solu\u00e7\u00e3o \u00e9 Pia se passar por Polly, j\u00e1 que elas s\u00e3o super parecidas. Elas nem imaginam que Beth, Evil e Tori descobriram o plano!<\/p>\n<p>A Fam\u00edlia Radical: o Filme<\/p>\n<p>Domingo Animado | a partir das 9h<\/p>\n<p>Oscar e fam\u00edlia ganham uma viagem para uma ilha tropical, mas tudo n\u00e3o passa de\u00a0 uma armadilha de um cientista louco que quer a f\u00f3rmula secreta que Oscar inventou para colocar nos amendoins. O doutor, &#8220;Rei do Amendoim&#8221;, quer dominar o mundo e vai causar muita confus\u00e3o na divertida fam\u00edlia radical.\u00a0<\/p>\n<p>Maisa SBT<\/p>\n","protected":false},"excerpt":{"rendered":"<p>SBT &#8211; O fim de semana \u00e9 muito mais divertido com a pequena Maisa Silva e as atra\u00e7\u00f5es do S\u00e1bado Animado e Domingo Animado. Confira as anima\u00e7\u00f5es em cartaz: Polly Pocket: Divers\u00e3o no Hotel Pocket Plaza S\u00e1bado Animado | a partir das 7h Polly convida Lila, Shani, Ana e Lea para a inaugura\u00e7\u00e3o do hotel [&hellip;]<\/p>\n","protected":false},"author":3,"featured_media":0,"comment_status":"open","ping_status":"open","sticky":false,"template":"","format":"standard","meta":{"tdm_status":"","tdm_grid_status":"","footnotes":""},"categories":[372,343],"tags":[],"class_list":{"0":"post-15732","1":"post","2":"type-post","3":"status-publish","4":"format-standard","6":"category-sbt","7":"category-televisao"},"_links":{"self":[{"href":"https:\/\/migracao.redenoticia.com.br\/noticia\/wp-json\/wp\/v2\/posts\/15732","targetHints":{"allow":["GET"]}}],"collection":[{"href":"https:\/\/migracao.redenoticia.com.br\/noticia\/wp-json\/wp\/v2\/posts"}],"about":[{"href":"https:\/\/migracao.redenoticia.com.br\/noticia\/wp-json\/wp\/v2\/types\/post"}],"author":[{"embeddable":true,"href":"https:\/\/migracao.redenoticia.com.br\/noticia\/wp-json\/wp\/v2\/users\/3"}],"replies":[{"embeddable":true,"href":"https:\/\/migracao.redenoticia.com.br\/noticia\/wp-json\/wp\/v2\/comments?post=15732"}],"version-history":[{"count":0,"href":"https:\/\/migracao.redenoticia.com.br\/noticia\/wp-json\/wp\/v2\/posts\/15732\/revisions"}],"wp:attachment":[{"href":"https:\/\/migracao.redenoticia.com.br\/noticia\/wp-json\/wp\/v2\/media?parent=15732"}],"wp:term":[{"taxonomy":"category","embeddable":true,"href":"https:\/\/migracao.redenoticia.com.br\/noticia\/wp-json\/wp\/v2\/categories?post=15732"},{"taxonomy":"post_tag","embeddable":true,"href":"https:\/\/migracao.redenoticia.com.br\/noticia\/wp-json\/wp\/v2\/tags?post=15732"}],"curies":[{"name":"wp","href":"https:\/\/api.w.org\/{rel}","templated":true}]}}