{"id":15753,"date":"2009-10-29T19:56:29","date_gmt":"2009-10-29T23:56:29","guid":{"rendered":"http:\/\/www.redenoticia.com.br\/noticia\/?p=15753"},"modified":"2009-10-29T19:56:29","modified_gmt":"2009-10-29T23:56:29","slug":"previsao-do-tempo-na-regiao-sudeste-de-3010-a-0111","status":"publish","type":"post","link":"https:\/\/migracao.redenoticia.com.br\/noticia\/2009\/previsao-do-tempo-na-regiao-sudeste-de-3010-a-0111\/15753","title":{"rendered":"Previs\u00e3o do tempo na Regi\u00e3o Sudeste de 30\/10 a 01\/11"},"content":{"rendered":"<p><strong>Previs\u00e3o do tempo<\/strong> Sudeste 30\/10\/2009: No centro-norte de MG e no ES: nublado com pancadas de chuva localmente forte a qualquer hora do dia. Nas demais \u00e1reas de MG, no RJ e no Vale do Para\u00edba: sol com varia\u00e7\u00e3o de nuvens e pancadas de chuva principalmente \u00e0 tarde. No centro-oeste e sul de SP: sol entre poucas nuvens. Nas demais \u00e1reas da Regi\u00e3o: sol com nebulosidade vari\u00e1vel e uma pequena possibilidade de pancadas de chuva. As temperaturas estar\u00e3o est\u00e1veis. Temperatura m\u00e1xima: 30C no oeste de SP. Temperatura m\u00ednima: 15C na serra da Mantiqueira.<\/p>\n<p>Previs\u00e3o do tempo 31\/10\/2009: No extremo sul e sudoeste de MG e no centro-norte do RJ: sol com nebulosidade vari\u00e1vel e uma pequena possibilidade de pancadas de chuva. Nas demais de MG e no ES: nublado com pancadas de chuva localmente forte a qualquer hora do dia. Nas demais \u00e1reas da Regi\u00e3o: sol entre poucas nuvens. As temperaturas estar\u00e3o est\u00e1veis.<\/p>\n<p>\u00a0<\/p>\n<p>Previs\u00e3o do tempo Tend\u00eancia: No centro-norte de MG, do RJ e no ES: nublado com pancadas de chuva a qualquer hora do dia. Nas demais \u00e1reas de MG: sol com nebulosidade vari\u00e1vel e uma pequena possibilidade de pancada de chuva. Nas demais \u00e1reas da Regi\u00e3o: sol entre poucas nuvens. As temperaturas seguir\u00e3o est\u00e1veis. Na segunda-feira haver\u00e1 sol em toda a Regi\u00e3o, por\u00e9m, em MG, no centro-norte do RJ e no ES poder\u00e3o ocorrer pancas isoladas de chuva. Na ter\u00e7a-feira ocorrer\u00e3o pancadas isoladas em praticamente toda a Regi\u00e3o Sudeste.:<\/p>\n<p>O Centro de Previs\u00e3o de Tempo e Estudos Clim\u00e1ticos \u2013 CPTEC, do Instituto Nacional de Pesquisas Espaciais \u2013 INPE \u00e9 o passaporte do Brasil para o primeiro mundo das previs\u00f5es meteorol\u00f3gicas. Os supercomputadores vetoriais SX-6 e SX-4 fabricados pela NEC Corporation do Jap\u00e3o, possuem capacidade de processar at\u00e9 768 bilh\u00f5es e 16 bilh\u00f5es de opera\u00e7\u00f5es aritm\u00e9ticas em ponto flutuante por segundo respectivamente. Recentemente adquirido da \u201cNEC Corporation do Jap\u00e3o\u201d um cluster com 1100 processadores fabricado pela \u201cSUN Microsystem\u201d com a capacidade de processar at\u00e9 5.7 trilh\u00f5es de opera\u00e7\u00f5es aritm\u00e9ticas em ponto flutuante por segundo. Isso significa possibilidade de utilizar modelos num\u00e9ricos para simula\u00e7\u00e3o de tempo e clima, integrando informa\u00e7\u00f5es atmosf\u00e9ricas e oce\u00e2nicas. O resultado disso s\u00e3o previs\u00f5es de tempo confi\u00e1veis, para todo o pa\u00eds.\u00a0<\/p>\n<p>CPTEC\/INPE<\/p>\n","protected":false},"excerpt":{"rendered":"<p>Previs\u00e3o do tempo Sudeste 30\/10\/2009: No centro-norte de MG e no ES: nublado com pancadas de chuva localmente forte a qualquer hora do dia. Nas demais \u00e1reas de MG, no RJ e no Vale do Para\u00edba: sol com varia\u00e7\u00e3o de nuvens e pancadas de chuva principalmente \u00e0 tarde. No centro-oeste e sul de SP: sol [&hellip;]<\/p>\n","protected":false},"author":3,"featured_media":0,"comment_status":"open","ping_status":"open","sticky":false,"template":"","format":"standard","meta":{"tdm_status":"","tdm_grid_status":"","footnotes":""},"categories":[327],"tags":[],"class_list":{"0":"post-15753","1":"post","2":"type-post","3":"status-publish","4":"format-standard","6":"category-clima"},"_links":{"self":[{"href":"https:\/\/migracao.redenoticia.com.br\/noticia\/wp-json\/wp\/v2\/posts\/15753","targetHints":{"allow":["GET"]}}],"collection":[{"href":"https:\/\/migracao.redenoticia.com.br\/noticia\/wp-json\/wp\/v2\/posts"}],"about":[{"href":"https:\/\/migracao.redenoticia.com.br\/noticia\/wp-json\/wp\/v2\/types\/post"}],"author":[{"embeddable":true,"href":"https:\/\/migracao.redenoticia.com.br\/noticia\/wp-json\/wp\/v2\/users\/3"}],"replies":[{"embeddable":true,"href":"https:\/\/migracao.redenoticia.com.br\/noticia\/wp-json\/wp\/v2\/comments?post=15753"}],"version-history":[{"count":0,"href":"https:\/\/migracao.redenoticia.com.br\/noticia\/wp-json\/wp\/v2\/posts\/15753\/revisions"}],"wp:attachment":[{"href":"https:\/\/migracao.redenoticia.com.br\/noticia\/wp-json\/wp\/v2\/media?parent=15753"}],"wp:term":[{"taxonomy":"category","embeddable":true,"href":"https:\/\/migracao.redenoticia.com.br\/noticia\/wp-json\/wp\/v2\/categories?post=15753"},{"taxonomy":"post_tag","embeddable":true,"href":"https:\/\/migracao.redenoticia.com.br\/noticia\/wp-json\/wp\/v2\/tags?post=15753"}],"curies":[{"name":"wp","href":"https:\/\/api.w.org\/{rel}","templated":true}]}}