{"id":157533,"date":"2018-11-04T18:30:20","date_gmt":"2018-11-04T20:30:20","guid":{"rendered":"https:\/\/www.redenoticia.com.br\/noticia\/?p=157533"},"modified":"2018-11-04T18:32:30","modified_gmt":"2018-11-04T20:32:30","slug":"metro-sp-ira-contratar-100-estagiarios-de-nivel-tecnico","status":"publish","type":"post","link":"https:\/\/migracao.redenoticia.com.br\/noticia\/2018\/metro-sp-ira-contratar-100-estagiarios-de-nivel-tecnico\/157533","title":{"rendered":"Metr\u00f4 SP ir\u00e1 contratar 100 Estagi\u00e1rios de N\u00edvel T\u00e9cnico"},"content":{"rendered":"<p>A\u00a0<strong><em>Companhia do Metropolitano de S\u00e3o Paulo<\/em><\/strong> anunciou a abertura das inscri\u00e7\u00f5es para o processo seletivo que ir\u00e1 selecionar <strong><em>100 Estagi\u00e1rios de N\u00edvel T\u00e9cnico<\/em><\/strong>. As vagas s\u00e3o para estudantes que sejam residentes e domiciliados na cidade de S\u00e3o Paulo e Grande S\u00e3o Paulo.<\/p>\n<p>Poder\u00e3o participar do processo estudantes que estiverem com matr\u00edcula e frequ\u00eancia efetiva em ensino t\u00e9cnico, cursando do 1\u00b0 ao pen\u00faltimo semestre.<\/p>\n<p>Os candidatos habilitados em todas as etapas da sele\u00e7\u00e3o ser\u00e3o convocados gradualmente, obedecendo a ordem de classifica\u00e7\u00e3o e as vagas existentes, sujeitando-se \u00e0s normas internas do Metr\u00f4 SP,\u00a0bem como legisla\u00e7\u00e3o espec\u00edfica. Somente poder\u00e3o estagiar aqueles que apresentarem declara\u00e7\u00e3o da Institui\u00e7\u00e3o de Ensino autorizando o est\u00e1gio.<\/p>\n<p>Os interessados em concorrer podem fazer suas inscri\u00e7\u00f5es, gratuitamente, no site\u00a0do\u00a0Instituto Via de Acesso\u00a0() at\u00e9 as 23h59 do pr\u00f3ximo dia 11. Mais informa\u00e7\u00f5es sobre o processo seletivo podem ser obtidas na p\u00e1gina do Instituto.<\/p>\n<p>Cargo:\u00a0Estagi\u00e1rio N\u00edvel T\u00e9cnico<br \/>\nQuantidade de Vagas:\u00a0100<br \/>\nJornada: At\u00e9 6 (seis) horas di\u00e1rias e 30 horas semanais. O hor\u00e1rio de trabalho di\u00e1rio do est\u00e1gio n\u00e3o poder\u00e1 prejudicar sua jornada acad\u00eamica e dever\u00e1 ser compat\u00edvel com as atividades do METR\u00d4 SP.<br \/>\nBolsa Est\u00e1gio:\u00a0R$ 7,50 por hora + benef\u00edcios.<\/p>\n<p>Fonte http:\/\/www.saopaulo.sp.gov.br\/spnoticias\/metro-ira-contratar-100-estagiarios-de-nivel-tecnico\/<\/p>\n","protected":false},"excerpt":{"rendered":"<p>A\u00a0Companhia do Metropolitano de S\u00e3o Paulo anunciou a abertura das inscri\u00e7\u00f5es para o processo seletivo que ir\u00e1 selecionar 100 Estagi\u00e1rios de N\u00edvel T\u00e9cnico. As vagas s\u00e3o para estudantes que sejam residentes e domiciliados na cidade de S\u00e3o Paulo e Grande S\u00e3o Paulo. Poder\u00e3o participar do processo estudantes que estiverem com matr\u00edcula e frequ\u00eancia efetiva em [&hellip;]<\/p>\n","protected":false},"author":2,"featured_media":148317,"comment_status":"open","ping_status":"closed","sticky":false,"template":"","format":"standard","meta":{"tdm_status":"","tdm_grid_status":"","footnotes":""},"categories":[388,370,353],"tags":[],"class_list":{"0":"post-157533","1":"post","2":"type-post","3":"status-publish","4":"format-standard","5":"has-post-thumbnail","7":"category-destaques","8":"category-inscricao","9":"category-oportunidades"},"_links":{"self":[{"href":"https:\/\/migracao.redenoticia.com.br\/noticia\/wp-json\/wp\/v2\/posts\/157533","targetHints":{"allow":["GET"]}}],"collection":[{"href":"https:\/\/migracao.redenoticia.com.br\/noticia\/wp-json\/wp\/v2\/posts"}],"about":[{"href":"https:\/\/migracao.redenoticia.com.br\/noticia\/wp-json\/wp\/v2\/types\/post"}],"author":[{"embeddable":true,"href":"https:\/\/migracao.redenoticia.com.br\/noticia\/wp-json\/wp\/v2\/users\/2"}],"replies":[{"embeddable":true,"href":"https:\/\/migracao.redenoticia.com.br\/noticia\/wp-json\/wp\/v2\/comments?post=157533"}],"version-history":[{"count":0,"href":"https:\/\/migracao.redenoticia.com.br\/noticia\/wp-json\/wp\/v2\/posts\/157533\/revisions"}],"wp:featuredmedia":[{"embeddable":true,"href":"https:\/\/migracao.redenoticia.com.br\/noticia\/wp-json\/wp\/v2\/media\/148317"}],"wp:attachment":[{"href":"https:\/\/migracao.redenoticia.com.br\/noticia\/wp-json\/wp\/v2\/media?parent=157533"}],"wp:term":[{"taxonomy":"category","embeddable":true,"href":"https:\/\/migracao.redenoticia.com.br\/noticia\/wp-json\/wp\/v2\/categories?post=157533"},{"taxonomy":"post_tag","embeddable":true,"href":"https:\/\/migracao.redenoticia.com.br\/noticia\/wp-json\/wp\/v2\/tags?post=157533"}],"curies":[{"name":"wp","href":"https:\/\/api.w.org\/{rel}","templated":true}]}}