{"id":157548,"date":"2018-11-04T18:56:35","date_gmt":"2018-11-04T20:56:35","guid":{"rendered":"https:\/\/www.redenoticia.com.br\/noticia\/?p=157548"},"modified":"2018-11-04T19:06:08","modified_gmt":"2018-11-04T21:06:08","slug":"descoberto-caminho-para-interromper-o-desenvolvimento-da-asma-alergica","status":"publish","type":"post","link":"https:\/\/migracao.redenoticia.com.br\/noticia\/2018\/descoberto-caminho-para-interromper-o-desenvolvimento-da-asma-alergica\/157548","title":{"rendered":"Descoberto caminho para interromper o desenvolvimento da asma al\u00e9rgica"},"content":{"rendered":"<p> Andr\u00e9 Juli\u00e3o\u00a0 |\u00a0 Ag\u00eancia FAPESP\u00a0\u2013\u00a0Um grupo de pesquisadores brasileiros conseguiu impedir que a <strong><em>asma al\u00e9rgica<\/em><\/strong> prosseguisse, em modelos experimentais. Eles aumentaram a quantidade de uma determinada prote\u00edna que bloqueou os linf\u00f3citos T CD4 \u2013 respons\u00e1veis pela produ\u00e7\u00e3o de citocina que desencadeia cascata de eventos que resultam no in\u00edcio e na progress\u00e3o da doen\u00e7a.<\/p>\n<p>Agora que se sabe como a doen\u00e7a pode ser interrompida em cultura de c\u00e9lulas e em animais, abre-se um caminho de investiga\u00e7\u00e3o para desenvolver um medicamento que controle a express\u00e3o de tal prote\u00edna em modelos experimentais e em humanos.<\/p>\n<p>O estudo foi realizado no \u00e2mbito do Centro de Pesquisa em Doen\u00e7as Inflamat\u00f3rias (), um dos Centros de Pesquisa, Inova\u00e7\u00e3o e Difus\u00e3o () financiados pela FAPESP.<\/p>\n<p>Os resultados foram publicados no\u00a0\u00a0e\u00a0s\u00e3o parte do projeto de\u00a0\u00a0de\u00a0, da Faculdade de Medicina de Ribeir\u00e3o Preto da Universidade de S\u00e3o Paulo (FMRP-USP), primeira autora do artigo.<\/p>\n<p>\u201cO que atualmente se administra em pessoas com alergia ou asma br\u00f4nquica s\u00e3o medicamentos como anti-histam\u00ednicos, broncodilatadores e corticoides, que inibem sintomas da doen\u00e7a, al\u00e9m de inibir a resposta celular, incluindo a dos linf\u00f3citos TH2\u201d, disse\u00a0, professor da FMRP e coordenador do estudo.<\/p>\n<p>\u201cNo entanto, as c\u00e9lulas TH2 levam \u00e0 produ\u00e7\u00e3o de subst\u00e2ncias respons\u00e1veis pela sintomatologia; ent\u00e3o o tratamento \u00e9 s\u00f3 de sintomas como coriza, dificuldade de respirar, entre outros. O que n\u00f3s descobrimos \u00e9 que se forem bloqueados outros linf\u00f3citos T, os TH9, a doen\u00e7a vai ter uma resolu\u00e7\u00e3o efetiva, bloqueando inclusive a produ\u00e7\u00e3o de subst\u00e2ncias que causam os sintomas\u201d, disse Silva.<\/p>\n<p>Para chegar aos resultados, os pesquisadores fizeram experimentos com cultura de c\u00e9lulas humanas e de camundongos. Al\u00e9m disso, foram usados camundongos transg\u00eanicos.<\/p>\n<p>Os diferentes ensaios ajudaram a confirmar que quando o gene Blimp-1 \u00e9 superexpresso h\u00e1 um aumento da prote\u00edna que ele produz, de mesmo nome, que por sua vez bloqueia a a\u00e7\u00e3o dos linf\u00f3citos que produzem uma citocina, a IL-9, que causa a inflama\u00e7\u00e3o al\u00e9rgica das vias a\u00e9reas. \u201cO importante \u00e9 que o bloqueio de IL-9 diminui a resposta TH2 e, consequentemente, a evolu\u00e7\u00e3o da doen\u00e7a\u201d, disse Benevides \u00e0\u00a0Ag\u00eancia FAPESP.<\/p>\n<p>Gene Blimp-1<\/p>\n<p>Para testar a hip\u00f3tese de que o Blimp-1 tinha um papel importante na resolu\u00e7\u00e3o da alergia, os pesquisadores criaram camundongos transg\u00eanicos com esse gene deletado nos linf\u00f3citos T.<\/p>\n<p>Como tem outras fun\u00e7\u00f5es, o gene n\u00e3o poderia ser completamente desativado, ent\u00e3o foi usada a t\u00e9cnica conhecida como nocaute condicional para que ele deixasse de funcionar apenas nessas c\u00e9lulas.<\/p>\n<p>Em seguida, tanto os camundongos transg\u00eanicos, com o Blimp-1 deletado no linf\u00f3cito T, como os animais controle foram submetidos a um procedimento que induz a alergia. Os pesquisadores injetaram doses de ovoalbumina e, em seguida, introduziram a mesma subst\u00e2ncia no nariz (intranasal) dos animais, resultando em doen\u00e7a inflamat\u00f3ria das vias a\u00e9reas, isto \u00e9, alergia \u00e0 prote\u00edna do ovo.<\/p>\n<p>Ao analisarem a rea\u00e7\u00e3o do organismo nos dois grupos de animais, notaram que os camundongos sem o gene Blimp-1 sofriam muito mais os efeitos da alergia do que os que tinham o gene.<\/p>\n<p>\u201cEmbora ambos os grupos desenvolvam alergia, mostramos que h\u00e1 uma inflama\u00e7\u00e3o pulmonar exacerbada nos pulm\u00f5es dos animais que n\u00e3o t\u00eam Blimp-1 no linf\u00f3cito, comparado com os animais controle\u201d, disse Benevides.<\/p>\n<p>Demonstrado o papel do Blimp-1 na inflama\u00e7\u00e3o, os pesquisadores ent\u00e3o criaram uma forma de superexpressar o gene. Dessa maneira, poderiam verificar se a quantidade exacerbada de prote\u00edna que ele passaria a produzir teria um efeito inibidor da citocina IL-9.<\/p>\n<p>Eles ent\u00e3o coletaram amostras de c\u00e9lulas mononucleares do sangue perif\u00e9rico de humanos, bastante utilizadas em estudos de imunologia. Foram coletadas amostras de pessoas saud\u00e1veis e de portadores de asma al\u00e9rgica.<\/p>\n<p>As c\u00e9lulas de sangue receberam um v\u00edrus in\u00f3cuo ou contendo o gene Blimp-1, que passou a fazer parte da cadeia de DNA das c\u00e9lulas. Tanto nas c\u00e9lulas de pessoas saud\u00e1veis como nas das asm\u00e1ticas, o Blimp-1 passou a produzir prote\u00edna de forma exacerbada e inibiu a produ\u00e7\u00e3o de TH9, produtor de IL-9.<\/p>\n<p>Embora a express\u00e3o do IL-9 tenha ocorrido nas c\u00e9lulas de pacientes saud\u00e1veis e com asma, foi muito maior nas dos asm\u00e1ticos. O mesmo resultado foi observado num experimento similar com c\u00e9lulas de camundongos.<\/p>\n<p>Uso em outras doen\u00e7as<\/p>\n<p>A partir desses dados, o grupo pretende construir drogas ou f\u00e1rmacos que possam induzir a express\u00e3o de Blimp-1 para controlar as c\u00e9lulas TH9. \u201cEstamos testando o papel na regula\u00e7\u00e3o de c\u00e9lulas TH9 em outros modelos experimentais, como em tumores, mais ainda \u00e9 cedo para tirar qualquer conclus\u00e3o\u201d, disse Benevides.<\/p>\n<p>No caso de tipos de c\u00e2ncer como o melanoma, ensaios preliminares ainda n\u00e3o publicados mostraram que, quando h\u00e1 uma diminui\u00e7\u00e3o da express\u00e3o do Blimp-1, o aumento resultante do TH9 proporciona uma diminui\u00e7\u00e3o do tumor.<\/p>\n<p>Por isso, um eventual medicamento contra c\u00e2ncer advindo da pesquisa inibiria a express\u00e3o do Blimp-1, enquanto para asma e doen\u00e7as autoimunes ele deve aumentar essa express\u00e3o.<\/p>\n<p>\u201cA descoberta mais importante \u00e9 a de uma nova fun\u00e7\u00e3o de um fator de transcri\u00e7\u00e3o que j\u00e1 era conhecido, mas que agora sabemos que \u00e9 capaz tamb\u00e9m de inibir a diferencia\u00e7\u00e3o dos linf\u00f3citos T produtores de IL-9. Isso abre uma perspectiva para estudar v\u00e1rias doen\u00e7as em que as c\u00e9lulas TH9 est\u00e3o envolvidas\u201d, disse Benevides.<\/p>\n<p>O artigo\u00a0B lymphocyte\u2013induced maturation protein 1 controls TH9 cell development, IL-9 production, and allergic inflammation\u00a0(doi: 10.1016\/j.jaci.2018.06.046), de Luciana Benevides, Renata Sesti Costa, Lucas Alves Tavares, Momtchilo Russo, Gisl\u00e2ine A. Martins, Luis Lamberti P. da Silva, Luisa Karla de Paula Arruda, Fernando Q. Cunha, Vanessa Carregaro e Jo\u00e3o Santana Silva, pode ser lido em:\u00a0.<\/p>\n<p>http:\/\/agencia.fapesp.br\/descoberto-caminho-para-interromper-o-desenvolvimento-da-asma-alergica-\/29098\/<\/p>\n","protected":false},"excerpt":{"rendered":"<p>Andr\u00e9 Juli\u00e3o\u00a0 |\u00a0 Ag\u00eancia FAPESP\u00a0\u2013\u00a0Um grupo de pesquisadores brasileiros conseguiu impedir que a asma al\u00e9rgica prosseguisse, em modelos experimentais. Eles aumentaram a quantidade de uma determinada prote\u00edna que bloqueou os linf\u00f3citos T CD4 \u2013 respons\u00e1veis pela produ\u00e7\u00e3o de citocina que desencadeia cascata de eventos que resultam no in\u00edcio e na progress\u00e3o da doen\u00e7a. Agora que [&hellip;]<\/p>\n","protected":false},"author":2,"featured_media":148098,"comment_status":"open","ping_status":"closed","sticky":false,"template":"","format":"standard","meta":{"tdm_status":"","tdm_grid_status":"","footnotes":""},"categories":[22,5],"tags":[],"class_list":{"0":"post-157548","1":"post","2":"type-post","3":"status-publish","4":"format-standard","5":"has-post-thumbnail","7":"category-brasil","8":"category-saude-e-vida"},"_links":{"self":[{"href":"https:\/\/migracao.redenoticia.com.br\/noticia\/wp-json\/wp\/v2\/posts\/157548","targetHints":{"allow":["GET"]}}],"collection":[{"href":"https:\/\/migracao.redenoticia.com.br\/noticia\/wp-json\/wp\/v2\/posts"}],"about":[{"href":"https:\/\/migracao.redenoticia.com.br\/noticia\/wp-json\/wp\/v2\/types\/post"}],"author":[{"embeddable":true,"href":"https:\/\/migracao.redenoticia.com.br\/noticia\/wp-json\/wp\/v2\/users\/2"}],"replies":[{"embeddable":true,"href":"https:\/\/migracao.redenoticia.com.br\/noticia\/wp-json\/wp\/v2\/comments?post=157548"}],"version-history":[{"count":0,"href":"https:\/\/migracao.redenoticia.com.br\/noticia\/wp-json\/wp\/v2\/posts\/157548\/revisions"}],"wp:featuredmedia":[{"embeddable":true,"href":"https:\/\/migracao.redenoticia.com.br\/noticia\/wp-json\/wp\/v2\/media\/148098"}],"wp:attachment":[{"href":"https:\/\/migracao.redenoticia.com.br\/noticia\/wp-json\/wp\/v2\/media?parent=157548"}],"wp:term":[{"taxonomy":"category","embeddable":true,"href":"https:\/\/migracao.redenoticia.com.br\/noticia\/wp-json\/wp\/v2\/categories?post=157548"},{"taxonomy":"post_tag","embeddable":true,"href":"https:\/\/migracao.redenoticia.com.br\/noticia\/wp-json\/wp\/v2\/tags?post=157548"}],"curies":[{"name":"wp","href":"https:\/\/api.w.org\/{rel}","templated":true}]}}