{"id":157550,"date":"2018-11-04T19:04:41","date_gmt":"2018-11-04T21:04:41","guid":{"rendered":"https:\/\/www.redenoticia.com.br\/noticia\/?p=157550"},"modified":"2018-11-04T22:02:38","modified_gmt":"2018-11-05T00:02:38","slug":"tema-da-redacao-e-atual-mas-aluno-deve-ter-foco-dizem-especialistas","status":"publish","type":"post","link":"https:\/\/migracao.redenoticia.com.br\/noticia\/2018\/tema-da-redacao-e-atual-mas-aluno-deve-ter-foco-dizem-especialistas\/157550","title":{"rendered":"Tema da reda\u00e7\u00e3o Enem \u00e9 atual e foi trabalhado em muitas escolas, dizem especialistas"},"content":{"rendered":"<p> O tema da <strong><em>reda\u00e7\u00e3o do Exame Nacional do Ensino M\u00e9dio (Enem) 2018<\/em><\/strong> \u00e9 atual e foi trabalhado em muitas escolas, segundo professores de reda\u00e7\u00e3o entrevistados pela Ag\u00eancia Brasil. O tema deste ano \u00e9 Manipula\u00e7\u00e3o do comportamento do usu\u00e1rio pelo controle de dados na internet.<\/p>\n<p>Para a professora de reda\u00e7\u00e3o Carol Achutti, do curso online Descomplica, o assunto deste ano, dada a repercuss\u00e3o do Enem, atinge toda a sociedade e coloca em discuss\u00e3o o tema da manipula\u00e7\u00e3o intensamente vivido no Brasil no \u00faltimo processo eleitoral. \u201c\u00c9 uma inova\u00e7\u00e3o.Colocaram um dedinho na ferida. Por isso, achei importante levantar essa discuss\u00e3o\u201d, disse.<\/p>\n<p>Segundo Carol, a escolha tem um car\u00e1ter diferente dos anos anteriores. \u201cO recorte escolhido \u00e9 quase pol\u00edtico. N\u00e3o \u00e9 social como estamos acostumados. \u00c9 perigoso o estudante confundir com fake news [divulga\u00e7\u00e3o de not\u00edcias falsas], que podem aparecer na argumenta\u00e7\u00e3o, mas n\u00e3o \u00e9 s\u00f3 isso\u201d.<\/p>\n<p>Abordagem delicada<\/p>\n<p>Conforme a professora, o texto do aluno poder\u00e1 tratar, dependendo dos textos de apoio da prova, de quest\u00f5es mundiais, envolvendo redes sociais, marketing dirigido, entre outras quest\u00f5es. &#8220;Quem for muito partid\u00e1rio e se inflamar pode ser parcial e tangenciar o tema&#8221;, acrescenta.<\/p>\n<p>\u201cAchei o tema complexo. Acho que pode causar d\u00favida nos alunos, porque eles s\u00e3o muito inteirados. Quase todos sabem minimamente sobre seguran\u00e7a da rede, podem confundir um pouco. A abordagem, imagino, seja manipula\u00e7\u00e3o das not\u00edcias, cuidado que se deve ter\u201d, ponderou Tatiana Nunes, professora de reda\u00e7\u00e3o e l\u00edngua portuguesa do Col\u00e9gio Mopi, no Rio de Janeiro.<\/p>\n<p>De acordo com Tatiana, o tema era \u201cmais do que aguardado. A quest\u00e3o seria o tipo de abordagem\u201d. Na avalia\u00e7\u00e3o da professora, a abordagem escolhida foi \u201cmuito bem feita, mas bastante delicada. O estudante ter\u00e1 de estar bem preparado para fazer essa leitura cr\u00edtica do que est\u00e1 sendo pedido no tema\u201d.<\/p>\n<p>Coordenador pedag\u00f3gico do Vetor Vestibulares, Rubens C\u00e9sar Carnevale, que foi corretor da reda\u00e7\u00e3o do Enem por tr\u00eas anos seguidos, de 2014 a 2016, disse acreditar que, ao escrever sobre o tema, os estudantes precisam tomar cuidado para n\u00e3o fugirem de discuss\u00f5es atuais e n\u00e3o usarem dados falsos na hora de argumentar.  <\/p>\n<p>\u201cOs candidatos precisam tomar cuidado com aquilo que chama de coer\u00eancia externa. O aluno que citar alguns dados, alguns fatos que n\u00e3o sejam pertinentes ao contexto e que n\u00e3o sejam verdadeiros poder\u00e1 perder pontos\u201d, acrescentou Carnevale.<\/p>\n<p>Veja os temas da reda\u00e7\u00e3o de edi\u00e7\u00f5es anteriores do Enem, desde que foi reformulado, em 2009:<\/p>\n<p>Enem 2009: O indiv\u00edduo frente \u00e0 \u00e9tica nacional<\/p>\n<p>Enem 2010: O trabalho na constru\u00e7\u00e3o da dignidade humana<\/p>\n<p>Enem 2011:  Viver em rede no s\u00e9culo XXI: Os limites entre o p\u00fablico e o privado<\/p>\n<p>Enem 2012: O movimento imigrat\u00f3rio para o Brasil no s\u00e9culo XXI<\/p>\n<p>Enem 2013:  Efeitos da implanta\u00e7\u00e3o da Lei Seca no Brasil<\/p>\n<p>Enem 2014: Publicidade infantil em quest\u00e3o no Brasil<\/p>\n<p>Enem 2015: A persist\u00eancia da viol\u00eancia contra a mulher na sociedade brasileira<\/p>\n<p>Enem 2016: Caminhos para combater a intoler\u00e2ncia religiosa no Brasil e Caminhos para combater o racismo no Brasil &#8211; Neste ano houve duas aplica\u00e7\u00f5es do exame<\/p>\n<p>Enem 2017: Desafios para forma\u00e7\u00e3o educacional de surdos no Brasil<\/p>\n<p>Mariana Tokarnia &#8211; Rep\u00f3rter da Ag\u00eancia Brasil<br \/>\nEdi\u00e7\u00e3o: Armando Cardoso<br \/>\n04\/11\/2018<\/p>\n","protected":false},"excerpt":{"rendered":"<p>O tema da reda\u00e7\u00e3o do Exame Nacional do Ensino M\u00e9dio (Enem) 2018 \u00e9 atual e foi trabalhado em muitas escolas, segundo professores de reda\u00e7\u00e3o entrevistados pela Ag\u00eancia Brasil. O tema deste ano \u00e9 Manipula\u00e7\u00e3o do comportamento do usu\u00e1rio pelo controle de dados na internet. Para a professora de reda\u00e7\u00e3o Carol Achutti, do curso online Descomplica, [&hellip;]<\/p>\n","protected":false},"author":2,"featured_media":148569,"comment_status":"open","ping_status":"closed","sticky":false,"template":"","format":"standard","meta":{"tdm_status":"","tdm_grid_status":"","footnotes":""},"categories":[22,388],"tags":[],"class_list":{"0":"post-157550","1":"post","2":"type-post","3":"status-publish","4":"format-standard","5":"has-post-thumbnail","7":"category-brasil","8":"category-destaques"},"_links":{"self":[{"href":"https:\/\/migracao.redenoticia.com.br\/noticia\/wp-json\/wp\/v2\/posts\/157550","targetHints":{"allow":["GET"]}}],"collection":[{"href":"https:\/\/migracao.redenoticia.com.br\/noticia\/wp-json\/wp\/v2\/posts"}],"about":[{"href":"https:\/\/migracao.redenoticia.com.br\/noticia\/wp-json\/wp\/v2\/types\/post"}],"author":[{"embeddable":true,"href":"https:\/\/migracao.redenoticia.com.br\/noticia\/wp-json\/wp\/v2\/users\/2"}],"replies":[{"embeddable":true,"href":"https:\/\/migracao.redenoticia.com.br\/noticia\/wp-json\/wp\/v2\/comments?post=157550"}],"version-history":[{"count":0,"href":"https:\/\/migracao.redenoticia.com.br\/noticia\/wp-json\/wp\/v2\/posts\/157550\/revisions"}],"wp:featuredmedia":[{"embeddable":true,"href":"https:\/\/migracao.redenoticia.com.br\/noticia\/wp-json\/wp\/v2\/media\/148569"}],"wp:attachment":[{"href":"https:\/\/migracao.redenoticia.com.br\/noticia\/wp-json\/wp\/v2\/media?parent=157550"}],"wp:term":[{"taxonomy":"category","embeddable":true,"href":"https:\/\/migracao.redenoticia.com.br\/noticia\/wp-json\/wp\/v2\/categories?post=157550"},{"taxonomy":"post_tag","embeddable":true,"href":"https:\/\/migracao.redenoticia.com.br\/noticia\/wp-json\/wp\/v2\/tags?post=157550"}],"curies":[{"name":"wp","href":"https:\/\/api.w.org\/{rel}","templated":true}]}}