{"id":15756,"date":"2009-10-30T01:20:56","date_gmt":"2009-10-30T05:20:56","guid":{"rendered":"http:\/\/www.redenoticia.com.br\/noticia\/?p=15756"},"modified":"2009-10-29T20:03:41","modified_gmt":"2009-10-30T00:03:41","slug":"climatempo-%e2%80%93-pouca-chuva-nesta-sexta-feira-3010","status":"publish","type":"post","link":"https:\/\/migracao.redenoticia.com.br\/noticia\/2009\/climatempo-%e2%80%93-pouca-chuva-nesta-sexta-feira-3010\/15756","title":{"rendered":"Climatempo \u2013 pouca chuva nesta sexta-feira (30\/10)"},"content":{"rendered":"<p><strong><span style=\"font-weight: normal;\"><a href=\"https:\/\/migracao.redenoticia.com.br\/noticia\/imagens\/\/clima0109.jpg\"><img loading=\"lazy\" decoding=\"async\" class=\"alignleft size-full wp-image-10359\" title=\"clima0109\" src=\"https:\/\/migracao.redenoticia.com.br\/noticia\/imagens\/\/clima0109.jpg\" alt=\"clima0109\" width=\"150\" height=\"113\" srcset=\"https:\/\/migracao.redenoticia.com.br\/noticia\/imagens\/clima0109.jpg 150w, https:\/\/migracao.redenoticia.com.br\/noticia\/imagens\/clima0109-148x112.jpg 148w\" sizes=\"auto, (max-width: 150px) 100vw, 150px\" \/><\/a><\/span>Climatempo<\/strong> Sudeste &#8211; na sexta-feira (30\/10), o sol brilha forte e chove de forma isolada a partir da tarde no centro-sul do Rio, no centro-sul e no tri\u00e2ngulo de Minas e no litoral norte paulista, no Vale do Para\u00edba e na Serra da Mantiqueira. No leste de S\u00e3o Paulo, o sol aparece entre muitas nuvens, mas n\u00e3o chove. Nas outras \u00e1reas paulistas, o ar mais seco deixa o tempo firme. O sol aparece entre muitas nuvens e chove nas demais \u00e1reas do Rio e no sul capixaba. O c\u00e9u fica nublado e chove nas demais \u00e1reas.<\/p>\n<p>Climatempo Norte &#8211; o c\u00e9u fica nublado e chove a qualquer hora no Tocantins e no sudeste do Par\u00e1. O sol brilha forte e o tempo quente e \u00famido forma nuvens carregadas que provocam pancadas isoladas de chuva principalmente a partir da tarde no Amap\u00e1 e no nordeste do Par\u00e1. O sol aparece fraco entre muitas nuvens e ocorrem pancadas de chuva ao longo do dia em Rond\u00f4nia, no Acre, em Amazonas, em Roraima e nas demais \u00e1reas do Par\u00e1.<\/p>\n<p>Climatempo Nordeste &#8211; o c\u00e9u fica nublado e chove a qualquer hora no sul e no oeste da Bahia e no sul do Maranh\u00e3o e do Piau\u00ed. Sol forte e tempo firme na Para\u00edba, no Rio Grande do Norte, no Cear\u00e1 e no norte do Piau\u00ed e do Maranh\u00e3o. Nas demais \u00e1reas da Regi\u00e3o, o sol aparece entre nuvens e ocorrem pancadas de chuva no decorrer do dia.<\/p>\n<p>Climatempo Sul &#8211; uma massa de ar mais seco predomina sobre todas as \u00e1reas da Regi\u00e3o Sul. O sol aparece entre muitas nuvens no leste do Paran\u00e1 e no nordeste de Santa Catarina, mas n\u00e3o chove. O sol aparece com for\u00e7a e o tempo fica firme nas demais \u00e1reas.<\/p>\n<p>Climatempo Centro-Oeste &#8211; uma massa de ar mais seco deixa o tempo firme em Mato Grosso do Sul. No sul de Goi\u00e1s e de Mato Grosso, o sol aparece com for\u00e7a e o tempo abafado favorece o aumento da nebulosidade que provoca pancadas isoladas de chuva principalmente a partir do meio da tarde. Nas demais \u00e1reas de Goi\u00e1s o c\u00e9u fica com muitas nuvens e chove a qualquer hora. Chove forte em pontos isoladas. Nas demais \u00e1reas de Mato Grosso, o sol aparece entre muitas nuvens e chove no decorrer do dia.<\/p>\n<p>Sobre o Grupo Climatempo &#8211; O Grupo Climatempo \u00e9 a maior empresa privada de meteorologia do pa\u00eds. Uma holding formada pela Climatempo Consultoria, Ag\u00eancia Climatempo, a TV Climatempo e a CLIMANET (Internet, servi\u00e7os de tecnologia e inform\u00e1tica). Atualmente, o Grupo Climatempo fornece conte\u00fado para os principais portais do pa\u00eds, mais de 50 retransmissoras de televis\u00e3o do Brasil, r\u00e1dios e tem cerca de mil clientes. Os dois principais segmentos atendidos s\u00e3o o de agroneg\u00f3cios e meios de comunica\u00e7\u00e3o. Al\u00e9m destes, fornece conte\u00fado meteorol\u00f3gico estrat\u00e9gico para produtoras, a ind\u00fastria eletroeletr\u00f4nica e t\u00eaxtil, com\u00e9rcio, moda e turismo, constru\u00e7\u00e3o civil, setor de energia, entre outros setores.<\/p>\n<p>O Grupo \u00e9 presidido pelo meteorologista Carlos Magno, um dos primeiros comunicadores da profiss\u00e3o no Pa\u00eds, com mais de 23 anos de carreira, que ajudou a mudar a cultura que o brasileiro tinha sobre a meteorologia. O Grupo Climatempo conta ainda com Ana L\u00facia Frony vice-presidente, Renato Urbinder, s\u00f3cio-diretor (Diretor de Neg\u00f3cios e Projetos Especiais), e os diretores executivos Gilca Palma (Climatempo Meteorologia), Andr\u00e9 Madeira (Ag\u00eancia Climatempo) e o jornalista Paulo Polli (TV Climatempo) no Conselho Consultivo.<\/p>\n","protected":false},"excerpt":{"rendered":"<p>Climatempo Sudeste &#8211; na sexta-feira (30\/10), o sol brilha forte e chove de forma isolada a partir da tarde no centro-sul do Rio, no centro-sul e no tri\u00e2ngulo de Minas e no litoral norte paulista, no Vale do Para\u00edba e na Serra da Mantiqueira. No leste de S\u00e3o Paulo, o sol aparece entre muitas nuvens, [&hellip;]<\/p>\n","protected":false},"author":3,"featured_media":0,"comment_status":"open","ping_status":"open","sticky":false,"template":"","format":"standard","meta":{"tdm_status":"","tdm_grid_status":"","footnotes":""},"categories":[22,327,376],"tags":[],"class_list":{"0":"post-15756","1":"post","2":"type-post","3":"status-publish","4":"format-standard","6":"category-brasil","7":"category-clima","8":"category-clima-brasil"},"_links":{"self":[{"href":"https:\/\/migracao.redenoticia.com.br\/noticia\/wp-json\/wp\/v2\/posts\/15756","targetHints":{"allow":["GET"]}}],"collection":[{"href":"https:\/\/migracao.redenoticia.com.br\/noticia\/wp-json\/wp\/v2\/posts"}],"about":[{"href":"https:\/\/migracao.redenoticia.com.br\/noticia\/wp-json\/wp\/v2\/types\/post"}],"author":[{"embeddable":true,"href":"https:\/\/migracao.redenoticia.com.br\/noticia\/wp-json\/wp\/v2\/users\/3"}],"replies":[{"embeddable":true,"href":"https:\/\/migracao.redenoticia.com.br\/noticia\/wp-json\/wp\/v2\/comments?post=15756"}],"version-history":[{"count":0,"href":"https:\/\/migracao.redenoticia.com.br\/noticia\/wp-json\/wp\/v2\/posts\/15756\/revisions"}],"wp:attachment":[{"href":"https:\/\/migracao.redenoticia.com.br\/noticia\/wp-json\/wp\/v2\/media?parent=15756"}],"wp:term":[{"taxonomy":"category","embeddable":true,"href":"https:\/\/migracao.redenoticia.com.br\/noticia\/wp-json\/wp\/v2\/categories?post=15756"},{"taxonomy":"post_tag","embeddable":true,"href":"https:\/\/migracao.redenoticia.com.br\/noticia\/wp-json\/wp\/v2\/tags?post=15756"}],"curies":[{"name":"wp","href":"https:\/\/api.w.org\/{rel}","templated":true}]}}