{"id":157850,"date":"2018-11-09T00:08:04","date_gmt":"2018-11-09T02:08:04","guid":{"rendered":"https:\/\/www.redenoticia.com.br\/noticia\/?p=157850"},"modified":"2018-11-15T22:28:05","modified_gmt":"2018-11-16T00:28:05","slug":"a-fazenda-10-conectada-votacao-em-fernanda-e-leo-movimenta-a-enquete","status":"publish","type":"post","link":"https:\/\/migracao.redenoticia.com.br\/noticia\/2018\/a-fazenda-10-conectada-votacao-em-fernanda-e-leo-movimenta-a-enquete\/157850","title":{"rendered":"&#8220;A Fazenda&#8221; 10 + Conectada: vota\u00e7\u00e3o em Fernanda e Leo movimentou a enquete"},"content":{"rendered":"<p><img loading=\"lazy\" decoding=\"async\" class=\"alignleft size-thumbnail wp-image-152827\" src=\"https:\/\/migracao.redenoticia.com.br\/noticia\/imagens\/a-fazenda-10-2018-150x112.jpg\" alt=\"\" width=\"150\" height=\"112\" srcset=\"https:\/\/migracao.redenoticia.com.br\/noticia\/imagens\/a-fazenda-10-2018-150x112.jpg 150w, https:\/\/migracao.redenoticia.com.br\/noticia\/imagens\/a-fazenda-10-2018-265x198.jpg 265w, https:\/\/migracao.redenoticia.com.br\/noticia\/imagens\/a-fazenda-10-2018-485x360.jpg 485w\" sizes=\"auto, (max-width: 150px) 100vw, 150px\" \/><strong><em>\u201cA Fazenda\u201d forma\u00e7\u00e3o da ro\u00e7a e vota\u00e7\u00e3o na enquete:<\/em><\/strong> Leo recebeu 90,47 % dos votos do p\u00fablico e continua no jogo. Fernanda se despediu de &#8220;A Fazenda&#8221; 2018. A s\u00e9tima ro\u00e7a desta edi\u00e7\u00e3o come\u00e7ou na noite desta segunda-feira, 05\/11, quando o apresentador Marcos Mion chamou os pe\u00f5es para a \u00e1rea de vota\u00e7\u00e3o. A Fazendeira C\u00e1tia indicou Leo para a ro\u00e7a. Com o resultado da enquete sobre o Poder da Chama Vermelha, o dono do Poder deve escolher um pe\u00e3o da equipe \u00c1gua e outro da equipe Terra para trocar de equipe. <\/p>\n<p>Destaque &#8211; <a href=\"https:\/\/migracao.redenoticia.com.br\/noticia\/2018\/a-fazenda-10-conectada-votacao-em-catia-e-luane-movimenta-a-enquete\/158641\">\u201cA Fazenda\u201d 10 + Conectada: vota\u00e7\u00e3o em C\u00e1tia e Luane movimentou a enquete<\/a><\/p>\n<p>Caique abriu o Lampi\u00e3o, ficou com o poder da chama Azul e deu o poder da chama Vermelha para Fernanda. Ca\u00edque ganhou imunidade na vota\u00e7\u00e3o da sede. Ele passou informa\u00e7\u00e3o para a Fernanda e o poder foi cancelado.<\/p>\n<p>L\u00e9o e Ca\u00edque votaram no Evandro, que votou na Fernanda. Nadja, Jo\u00e3o, Felipe e Rafael votaram na Fernanda, que votou no Evandro. Luane votou no Felipe. Fernanda indicou Rafael para sair da baia e compor a ro\u00e7a. Leo, Fernanda e Rafael formaram a nova ro\u00e7a e disputaram a prova do Fazendeiro na ter\u00e7a (06). Os pe\u00f5es tiveram que ter agilidade para equilibrarem pe\u00e7as de domin\u00f3 em uma escada. Rafael ganhou a prova e conquistou o cargo de Fazendeiro da Semana. Fernanda e Leo disputaram a prefer\u00eancia do p\u00fablico para continuarem em &#8220;A Fazenda&#8221;. <\/p>\n<p><script type=\"text\/javascript\" charset=\"utf-8\" data-cfasync=\"false\" src=\"https:\/\/secure.polldaddy.com\/p\/10157927.js\"><\/script><br \/>\n<noscript><a href=\"https:\/\/poll.fm\/10157927\">Quem deve continuar em &#8220;A Fazenda&#8221;?<\/a><\/noscript><\/p>\n<p>Se voc\u00ea n\u00e3o est\u00e1 vendo a enquete, clique no link &#8211; <a href=\"https:\/\/migracao.redenoticia.com.br\/noticia\/2018\/a-fazenda-10-conectada-votacao-em-fernanda-e-leo-movimenta-a-enquete\/157850\">\u201cA Fazenda\u201d 10 + Conectada: vota\u00e7\u00e3o em Fernanda e Leo movimenta a enquete .<\/a><\/p>\n<p>Resultado Parcial<\/p>\n<p>06\/11 23h46 Leo 70,61%. Fernanda 29,39%.<br \/>\n07\/11 09h26 Leo 83,70%; Fernanda 16,30%. Total de Votos 3.191.<br \/>\n08\/11 00h12 Leo 88,09%; Fernanda 11,91%. Total de Votos 6.891.<br \/>\n08\/11 19h43 Leo 90,21%; Fernanda 09,79%. Total de Votos.9.192.<\/p>\n<p>O voto v\u00e1lido foi registrado no portal oficial do programa <a href=\"http:\/\/afazenda.r7.com\/a-fazenda-10\">&#8220;A Fazenda\u201d 10 + Conectada<\/a> Rede Record.<\/p>\n<p>&#8212;<\/p>\n<p>Pe\u00f5es &#8220;A Fazenda&#8221; 10 + Conectada<\/p>\n<p>Equipe \u00c1gua &#8211; Leo Stronda; Ca\u00edque Aguiar e Luane Dias. Gabi Prado; Fernanda Lacerda; Perlla; Ana Paula Renault e Nadja Pessoa foram eliminadas do jogo.<\/p>\n<p>Equipe Terra &#8211; Rafael Ilha; Evandro Santo; Felipe Sertanejo; C\u00e1tia Paganote e Jo\u00e3o Zoli. Sandro Pedroso, Alo\u00edsio Chulapa e Vida Vlatt foram eliminados do jogo.<\/p>\n<p>Rede Record &#8220;A Fazenda&#8221; 10 + Conectada<\/p>\n<p>&#8212;<br \/>\nA produ\u00e7\u00e3o da Record junto com a produtora Cygnus estabeleceu o calend\u00e1rio de trabalhos desta temporada de &#8220;A Fazenda&#8221;: a atra\u00e7\u00e3o come\u00e7ar\u00e1 a semana com a Forma\u00e7\u00e3o da Ro\u00e7a, na qual um roceiro ser\u00e1 indicado pelo Fazendeiro, o segundo pelo participante mais votado da sede e o terceiro, escolhido pela segunda pessoa que estiver na ro\u00e7a, que ter\u00e1 o direito de indicar algu\u00e9m da Baia.<\/p>\n<p>No lugar da Prova da Chave, entra a Prova do Fogo, na qual o vencedor adquire poderes especiais para si e para um outro pe\u00e3o.<\/p>\n<p>Na ter\u00e7a-feira, ser\u00e1 o dia da Prova do Fazendeiro, na qual os tr\u00eas roceiros entram na disputa. O Fazendeiro dar\u00e1 as ordens na casa, ganha imunidade por mais uma semana, escapa da Ro\u00e7a e ainda indica um pe\u00e3o na semana seguinte.<\/p>\n<p>Na quarta, ser\u00e3o exibidos os Melhores Momentos do dia, enquanto a quinta-feira ser\u00e1 dia de Elimina\u00e7\u00e3o. Sextas-feiras ter\u00e3o a Prova de Fogo com os membros indicados de cada grupo, no s\u00e1bado eles se divertem na Festa e no domingo, haver\u00e1 uma Atividade Especial.<\/p>\n","protected":false},"excerpt":{"rendered":"<p>\u201cA Fazenda\u201d forma\u00e7\u00e3o da ro\u00e7a e vota\u00e7\u00e3o na enquete: Leo recebeu 90,47 % dos votos do p\u00fablico e continua no jogo. Fernanda se despediu de &#8220;A Fazenda&#8221; 2018. A s\u00e9tima ro\u00e7a desta edi\u00e7\u00e3o come\u00e7ou na noite desta segunda-feira, 05\/11, quando o apresentador Marcos Mion chamou os pe\u00f5es para a \u00e1rea de vota\u00e7\u00e3o. A Fazendeira C\u00e1tia [&hellip;]<\/p>\n","protected":false},"author":2,"featured_media":152827,"comment_status":"open","ping_status":"closed","sticky":false,"template":"","format":"standard","meta":{"tdm_status":"","tdm_grid_status":"","footnotes":""},"categories":[406,371,343],"tags":[521],"class_list":{"0":"post-157850","1":"post","2":"type-post","3":"status-publish","4":"format-standard","5":"has-post-thumbnail","7":"category-a-fazenda","8":"category-rede-record","9":"category-televisao","10":"tag-enquete"},"_links":{"self":[{"href":"https:\/\/migracao.redenoticia.com.br\/noticia\/wp-json\/wp\/v2\/posts\/157850","targetHints":{"allow":["GET"]}}],"collection":[{"href":"https:\/\/migracao.redenoticia.com.br\/noticia\/wp-json\/wp\/v2\/posts"}],"about":[{"href":"https:\/\/migracao.redenoticia.com.br\/noticia\/wp-json\/wp\/v2\/types\/post"}],"author":[{"embeddable":true,"href":"https:\/\/migracao.redenoticia.com.br\/noticia\/wp-json\/wp\/v2\/users\/2"}],"replies":[{"embeddable":true,"href":"https:\/\/migracao.redenoticia.com.br\/noticia\/wp-json\/wp\/v2\/comments?post=157850"}],"version-history":[{"count":0,"href":"https:\/\/migracao.redenoticia.com.br\/noticia\/wp-json\/wp\/v2\/posts\/157850\/revisions"}],"wp:featuredmedia":[{"embeddable":true,"href":"https:\/\/migracao.redenoticia.com.br\/noticia\/wp-json\/wp\/v2\/media\/152827"}],"wp:attachment":[{"href":"https:\/\/migracao.redenoticia.com.br\/noticia\/wp-json\/wp\/v2\/media?parent=157850"}],"wp:term":[{"taxonomy":"category","embeddable":true,"href":"https:\/\/migracao.redenoticia.com.br\/noticia\/wp-json\/wp\/v2\/categories?post=157850"},{"taxonomy":"post_tag","embeddable":true,"href":"https:\/\/migracao.redenoticia.com.br\/noticia\/wp-json\/wp\/v2\/tags?post=157850"}],"curies":[{"name":"wp","href":"https:\/\/api.w.org\/{rel}","templated":true}]}}