{"id":157869,"date":"2018-11-07T15:07:58","date_gmt":"2018-11-07T17:07:58","guid":{"rendered":"https:\/\/www.redenoticia.com.br\/noticia\/?p=157869"},"modified":"2018-11-07T17:16:29","modified_gmt":"2018-11-07T19:16:29","slug":"resumo-novela-as-aventuras-de-poliana-08-11-poliana-diz-a-luisa-que-encontrou-com-joao","status":"publish","type":"post","link":"https:\/\/migracao.redenoticia.com.br\/noticia\/2018\/resumo-novela-as-aventuras-de-poliana-08-11-poliana-diz-a-luisa-que-encontrou-com-joao\/157869","title":{"rendered":"Resumo novela \u201cAs Aventuras de Poliana\u201d 08\/11: Lu\u00edsa pega celular e v\u00ea foto de Jo\u00e3o"},"content":{"rendered":"<p><img loading=\"lazy\" decoding=\"async\" class=\"alignleft size-thumbnail wp-image-148201\" src=\"https:\/\/migracao.redenoticia.com.br\/noticia\/imagens\/poliana-150x112.jpg\" alt=\"\" width=\"150\" height=\"112\" srcset=\"https:\/\/migracao.redenoticia.com.br\/noticia\/imagens\/poliana-150x112.jpg 150w, https:\/\/migracao.redenoticia.com.br\/noticia\/imagens\/poliana-265x198.jpg 265w, https:\/\/migracao.redenoticia.com.br\/noticia\/imagens\/poliana-485x360.jpg 485w, https:\/\/migracao.redenoticia.com.br\/noticia\/imagens\/poliana-534x400.jpg 534w\" sizes=\"auto, (max-width: 150px) 100vw, 150px\" \/><strong><em>Resumo novela \u201cAs Aventuras de Poliana\u201d 08\/11 <\/em><\/strong>: no cap\u00edtulo 127(*) da novela \u201cAs Aventuras de Poliana\u201d, resumo de quinta-feira, 08 de novembro, Joana e S\u00e9rgio discutem na frente de M\u00e1rio e Luigi. Lorena fala para Durval que quer ficar com feij\u00e3o. Nanci avisa Lu\u00edsa que est\u00e1 chegando o anivers\u00e1rio de Poliana. Salvador pede para Ruth deix\u00e1-lo substituir Marcelo na aula de audiovisual. Poliana conta para Luigi que Jo\u00e3o apareceu. Furiosa porque picharam seu carro, D\u00e9bora desconfia de Kessya e amea\u00e7a faz\u00ea-la perder a bolsa de estudo. Roger e Nadine tramam para S\u00e9rgio pedir demiss\u00e3o. Lu\u00edsa vai \u00e0 casa do Sr. Pendleton. Kessya conta para Poliana que seu irm\u00e3o foi quem pichou o carro de D\u00e9bora.<\/p>\n<p>Lindomar e Hel\u00f4 assistem as imagens das c\u00e2meras de seguran\u00e7a para descobrir quem pichou o carro. Lu\u00edsa paga para Sr. Pendleton a metade do dinheiro da d\u00edvida que tem com ele. Salvador entra na sala de aula e anuncia aos alunos que ser\u00e1 o substituto de Marcelo nas aulas de audiovisual. Hel\u00f4 avisa para Ruth e D\u00e9bora que viram as imagens das c\u00e2meras e descobriram quem pichou o carro. Ver\u00f4nica cancela o evento do Comit\u00ea do La\u00e7o Pink e conta que perdeu at\u00e9 seus cart\u00f5es de cr\u00e9dito. Lindomar fala para Gleyce que foi Jerferson quem pichou o carro de D\u00e9bora. Hel\u00f4 ouve a conversa. Gleyce fica transtornada. Otto diz para Roger que ir\u00e1 investir no projeto do S\u00e9rgio na 0110. Hel\u00f4 vai a padaria conversar com Jeferson e diz que descobriu que foi ele que pichou o carro de D\u00e9bora.<\/p>\n<p>Mirela esbarra com uma bandeja em Hel\u00f4 no primeiro dia de trabalho na padaria. Lu\u00edsa vai ao quarto de Poliana e ela n\u00e3o est\u00e1. Poliana esquece o celular em seu quarto, Lu\u00edsa pega e v\u00ea a foto de Jo\u00e3o no celular. Lu\u00edsa vai a padaria a procura de Poliana. Durval aborda Lu\u00edsa e diz que recebeu uma intima\u00e7\u00e3o sobre impostos da fam\u00edlia. Poliana diz a Lu\u00edsa que encontrou com Jo\u00e3o. Jeferson vai \u00e0 escola falar com Ruth e se desculpar por ter pichado o carro de D\u00e9bora. Ben\u00edcio acredita que um asteroide vai cair na terra e destruir tudo.<\/p>\n<p>(*) edi\u00e7\u00e3o do SBT, Novela \u201cAs Aventuras de Poliana\u201d, sujeito a altera\u00e7\u00e3o de data e conte\u00fado.<\/p>\n<p>Poliana \u00e9 uma menina extrovertida e de bom cora\u00e7\u00e3o que viajava o Brasil com seus pais, Lorenzo e Alice, no grupo circense Trupe Vagalume. Aos onze anos a garota v\u00ea seu mundo desabar quando seus pais falecem e ela tem que ir morar em S\u00e3o Paulo com sua tia Lu\u00edsa, uma mulher rica e severa, a qual ela n\u00e3o conhecia e que n\u00e3o queria cuidar dela, embora sinta que \u00e9 sua obriga\u00e7\u00e3o pela alma de sua irm\u00e3. Apesar do jeito da rigidez da tia, Poliana decide ter uma vis\u00e3o positiva e inabal\u00e1vel da vida, mesmo nos momentos de dificuldade, tentando levar um pouco de felicidade para a vida de cada um dos seus novos amigos e vizinhos, como o Sr. Pendleton, um homem rico e infeliz por nunca ter tido filhos. Ela vai estudar no col\u00e9gio de Ruth, uma diretora de bom cora\u00e7\u00e3o que a ajuda a se adaptar, mas tem que lidar com as vilanias de Mirela, garota mais velha que n\u00e3o aceita perder a popularidade para uma novata.<\/p>\n","protected":false},"excerpt":{"rendered":"<p>Resumo novela \u201cAs Aventuras de Poliana\u201d 08\/11 : no cap\u00edtulo 127(*) da novela \u201cAs Aventuras de Poliana\u201d, resumo de quinta-feira, 08 de novembro, Joana e S\u00e9rgio discutem na frente de M\u00e1rio e Luigi. Lorena fala para Durval que quer ficar com feij\u00e3o. Nanci avisa Lu\u00edsa que est\u00e1 chegando o anivers\u00e1rio de Poliana. Salvador pede para [&hellip;]<\/p>\n","protected":false},"author":4,"featured_media":148663,"comment_status":"open","ping_status":"closed","sticky":false,"template":"","format":"standard","meta":{"tdm_status":"","tdm_grid_status":"","footnotes":""},"categories":[477,379,372,343],"tags":[441],"class_list":{"0":"post-157869","1":"post","2":"type-post","3":"status-publish","4":"format-standard","5":"has-post-thumbnail","7":"category-as-aventuras-de-poliana","8":"category-novelas","9":"category-sbt","10":"category-televisao","11":"tag-resumo-do-dia"},"_links":{"self":[{"href":"https:\/\/migracao.redenoticia.com.br\/noticia\/wp-json\/wp\/v2\/posts\/157869","targetHints":{"allow":["GET"]}}],"collection":[{"href":"https:\/\/migracao.redenoticia.com.br\/noticia\/wp-json\/wp\/v2\/posts"}],"about":[{"href":"https:\/\/migracao.redenoticia.com.br\/noticia\/wp-json\/wp\/v2\/types\/post"}],"author":[{"embeddable":true,"href":"https:\/\/migracao.redenoticia.com.br\/noticia\/wp-json\/wp\/v2\/users\/4"}],"replies":[{"embeddable":true,"href":"https:\/\/migracao.redenoticia.com.br\/noticia\/wp-json\/wp\/v2\/comments?post=157869"}],"version-history":[{"count":0,"href":"https:\/\/migracao.redenoticia.com.br\/noticia\/wp-json\/wp\/v2\/posts\/157869\/revisions"}],"wp:featuredmedia":[{"embeddable":true,"href":"https:\/\/migracao.redenoticia.com.br\/noticia\/wp-json\/wp\/v2\/media\/148663"}],"wp:attachment":[{"href":"https:\/\/migracao.redenoticia.com.br\/noticia\/wp-json\/wp\/v2\/media?parent=157869"}],"wp:term":[{"taxonomy":"category","embeddable":true,"href":"https:\/\/migracao.redenoticia.com.br\/noticia\/wp-json\/wp\/v2\/categories?post=157869"},{"taxonomy":"post_tag","embeddable":true,"href":"https:\/\/migracao.redenoticia.com.br\/noticia\/wp-json\/wp\/v2\/tags?post=157869"}],"curies":[{"name":"wp","href":"https:\/\/api.w.org\/{rel}","templated":true}]}}