{"id":158101,"date":"2018-11-09T08:39:09","date_gmt":"2018-11-09T10:39:09","guid":{"rendered":"https:\/\/www.redenoticia.com.br\/noticia\/?p=158101"},"modified":"2018-11-08T22:15:41","modified_gmt":"2018-11-09T00:15:41","slug":"novela-jesus-resumo-12-11-maria-consegue-conversar-com-asisa","status":"publish","type":"post","link":"https:\/\/migracao.redenoticia.com.br\/noticia\/2018\/novela-jesus-resumo-12-11-maria-consegue-conversar-com-asisa\/158101","title":{"rendered":"Novela \u201cJesus\u201d resumo 12\/11: Maria consegue conversar com Asisa"},"content":{"rendered":"<p> <img loading=\"lazy\" decoding=\"async\" src=\"https:\/\/migracao.redenoticia.com.br\/noticia\/imagens\/jesus-novela-resumo-150x112.jpg\" alt=\"\" width=\"150\" height=\"112\" class=\"alignleft size-thumbnail wp-image-148138\" srcset=\"https:\/\/migracao.redenoticia.com.br\/noticia\/imagens\/jesus-novela-resumo-150x112.jpg 150w, https:\/\/migracao.redenoticia.com.br\/noticia\/imagens\/jesus-novela-resumo-265x198.jpg 265w, https:\/\/migracao.redenoticia.com.br\/noticia\/imagens\/jesus-novela-resumo-485x360.jpg 485w, https:\/\/migracao.redenoticia.com.br\/noticia\/imagens\/jesus-novela-resumo-534x400.jpg 534w\" sizes=\"auto, (max-width: 150px) 100vw, 150px\" \/><em><strong>Novela \u201cJesus\u201d resumo 12\/11<\/strong><\/em>: no capitulo 080 (*) da novela \u201cJesus\u201d, segunda-feira, 12 de novembro, Caif\u00e1s nota a aproxima\u00e7\u00e3o de Judite e disfar\u00e7a. Adela vende cestos nas ruas de Jerusal\u00e9m e recebe a ajuda de Zaqueu. Jesus ora solit\u00e1rio. A irm\u00e3 do menino curado oferece alimento a Mateus e Pedro. Susana diz que apenas Jesus pode salvar Maria Madalena. Maria tenta se aproximar de Asisa. Jo\u00e3o e Andr\u00e9 s\u00e3o levados at\u00e9 Antipas. Eles avisam que viram Salom\u00e9 \u00e0s margens do rio Jord\u00e3o. <\/p>\n<p>Maria consegue conversar com Asisa. Pilatos estranha a presen\u00e7a de Temina. An\u00e1s e Caif\u00e1s falam sobre a decis\u00e3o de Pilatos de construir aquedutos na cidade. Longinus descobre que Salom\u00e9 pediu a cabe\u00e7a de Jo\u00e3o Batista. Ami fica assustado ao ver Maria Madalena possu\u00edda na pris\u00e3o. Petronius, Susana e Kesiah chegam ao local e ficam aterrorizados. <\/p>\n<p>(*) edi\u00e7\u00e3o da Rede Record, Novela \u201cJesus\u201d, sujeito a altera\u00e7\u00e3o de data e conte\u00fado.<\/p>\n<p>\u201cJesus\u201d &#8211; Ap\u00f3s receber a anuncia\u00e7\u00e3o de que o filho de Deus estava a caminho, Maria (Cl\u00e1udia Mauro) d\u00e1 a luz ao escolhido e, junto com o marido Jos\u00e9 (Michel Bercovitch), cria com valores e bons princ\u00edpios o jovem escolhido Jesus (Dudu Azevedo). A profecia do escolhido incomoda o rei Herodes (Paulo Gorgulho), que passa a perseguir a fam\u00edlia, for\u00e7ando Maria e Jos\u00e9 a criarem Jesus como um jovem comum longe de sua miss\u00e3o.<\/p>\n","protected":false},"excerpt":{"rendered":"<p>Novela \u201cJesus\u201d resumo 12\/11: no capitulo 080 (*) da novela \u201cJesus\u201d, segunda-feira, 12 de novembro, Caif\u00e1s nota a aproxima\u00e7\u00e3o de Judite e disfar\u00e7a. Adela vende cestos nas ruas de Jerusal\u00e9m e recebe a ajuda de Zaqueu. Jesus ora solit\u00e1rio. A irm\u00e3 do menino curado oferece alimento a Mateus e Pedro. Susana diz que apenas Jesus [&hellip;]<\/p>\n","protected":false},"author":2,"featured_media":148138,"comment_status":"open","ping_status":"closed","sticky":false,"template":"","format":"standard","meta":{"tdm_status":"","tdm_grid_status":"","footnotes":""},"categories":[488,379,371,343],"tags":[441],"class_list":{"0":"post-158101","1":"post","2":"type-post","3":"status-publish","4":"format-standard","5":"has-post-thumbnail","7":"category-jesus","8":"category-novelas","9":"category-rede-record","10":"category-televisao","11":"tag-resumo-do-dia"},"_links":{"self":[{"href":"https:\/\/migracao.redenoticia.com.br\/noticia\/wp-json\/wp\/v2\/posts\/158101","targetHints":{"allow":["GET"]}}],"collection":[{"href":"https:\/\/migracao.redenoticia.com.br\/noticia\/wp-json\/wp\/v2\/posts"}],"about":[{"href":"https:\/\/migracao.redenoticia.com.br\/noticia\/wp-json\/wp\/v2\/types\/post"}],"author":[{"embeddable":true,"href":"https:\/\/migracao.redenoticia.com.br\/noticia\/wp-json\/wp\/v2\/users\/2"}],"replies":[{"embeddable":true,"href":"https:\/\/migracao.redenoticia.com.br\/noticia\/wp-json\/wp\/v2\/comments?post=158101"}],"version-history":[{"count":0,"href":"https:\/\/migracao.redenoticia.com.br\/noticia\/wp-json\/wp\/v2\/posts\/158101\/revisions"}],"wp:featuredmedia":[{"embeddable":true,"href":"https:\/\/migracao.redenoticia.com.br\/noticia\/wp-json\/wp\/v2\/media\/148138"}],"wp:attachment":[{"href":"https:\/\/migracao.redenoticia.com.br\/noticia\/wp-json\/wp\/v2\/media?parent=158101"}],"wp:term":[{"taxonomy":"category","embeddable":true,"href":"https:\/\/migracao.redenoticia.com.br\/noticia\/wp-json\/wp\/v2\/categories?post=158101"},{"taxonomy":"post_tag","embeddable":true,"href":"https:\/\/migracao.redenoticia.com.br\/noticia\/wp-json\/wp\/v2\/tags?post=158101"}],"curies":[{"name":"wp","href":"https:\/\/api.w.org\/{rel}","templated":true}]}}