{"id":158126,"date":"2018-11-08T22:20:59","date_gmt":"2018-11-09T00:20:59","guid":{"rendered":"https:\/\/www.redenoticia.com.br\/noticia\/?p=158126"},"modified":"2018-11-08T22:20:59","modified_gmt":"2018-11-09T00:20:59","slug":"max-planck-oferece-cursos-para-a-formacao-de-doutores-em-ciencia","status":"publish","type":"post","link":"https:\/\/migracao.redenoticia.com.br\/noticia\/2018\/max-planck-oferece-cursos-para-a-formacao-de-doutores-em-ciencia\/158126","title":{"rendered":"Max Planck oferece cursos para a forma\u00e7\u00e3o de doutores em ci\u00eancia"},"content":{"rendered":"<p> Ag\u00eancia FAPESP\u00a0\u2013 Est\u00e3o abertas chamadas nas Escolas Internacionais de Pesquisa Max Planck para a <strong><em>forma\u00e7\u00e3o de doutores em ci\u00eancia<\/em><\/strong>. Os cursos s\u00e3o oferecidos conjuntamente por um ou mais institutos Max Planck e universidades alem\u00e3s. S\u00e3o v\u00e1rios cursos e prazos de inscri\u00e7\u00e3o. Os mais pr\u00f3ximos finalizam em 15 de novembro de 2018.<\/p>\n<p>Atualmente, 66 programas desse estilo est\u00e3o em opera\u00e7\u00e3o nas tr\u00eas principais \u00e1reas dos Institutos Max Planck: 24 em Biologia e Medicina; 31 em F\u00edsica, Qu\u00edmica e Tecnologia e 11 em Humanidades, Ci\u00eancias Sociais e Direito.<\/p>\n<p>Segundo os organizadores, os estudantes de doutorado participar\u00e3o de oficinas regulares, o que facilita a troca de informa\u00e7\u00f5es e traz perspectivas diferentes sobre seus t\u00f3picos de pesquisa.<\/p>\n<p>Na Alemanha, os tutores respons\u00e1veis pela supervis\u00e3o, treinamento e avalia\u00e7\u00e3o dos alunos pertencem \u00e0s universidades e aos Institutos Max Planck.<\/p>\n<p>Mais informa\u00e7\u00f5es:\u00a0.<\/p>\n<p>http:\/\/agencia.fapesp.br\/noticias\/<\/p>\n","protected":false},"excerpt":{"rendered":"<p>Ag\u00eancia FAPESP\u00a0\u2013 Est\u00e3o abertas chamadas nas Escolas Internacionais de Pesquisa Max Planck para a forma\u00e7\u00e3o de doutores em ci\u00eancia. Os cursos s\u00e3o oferecidos conjuntamente por um ou mais institutos Max Planck e universidades alem\u00e3s. S\u00e3o v\u00e1rios cursos e prazos de inscri\u00e7\u00e3o. Os mais pr\u00f3ximos finalizam em 15 de novembro de 2018. Atualmente, 66 programas desse [&hellip;]<\/p>\n","protected":false},"author":2,"featured_media":148153,"comment_status":"open","ping_status":"closed","sticky":false,"template":"","format":"standard","meta":{"tdm_status":"","tdm_grid_status":"","footnotes":""},"categories":[351,370],"tags":[],"class_list":{"0":"post-158126","1":"post","2":"type-post","3":"status-publish","4":"format-standard","5":"has-post-thumbnail","7":"category-cursos","8":"category-inscricao"},"_links":{"self":[{"href":"https:\/\/migracao.redenoticia.com.br\/noticia\/wp-json\/wp\/v2\/posts\/158126","targetHints":{"allow":["GET"]}}],"collection":[{"href":"https:\/\/migracao.redenoticia.com.br\/noticia\/wp-json\/wp\/v2\/posts"}],"about":[{"href":"https:\/\/migracao.redenoticia.com.br\/noticia\/wp-json\/wp\/v2\/types\/post"}],"author":[{"embeddable":true,"href":"https:\/\/migracao.redenoticia.com.br\/noticia\/wp-json\/wp\/v2\/users\/2"}],"replies":[{"embeddable":true,"href":"https:\/\/migracao.redenoticia.com.br\/noticia\/wp-json\/wp\/v2\/comments?post=158126"}],"version-history":[{"count":0,"href":"https:\/\/migracao.redenoticia.com.br\/noticia\/wp-json\/wp\/v2\/posts\/158126\/revisions"}],"wp:featuredmedia":[{"embeddable":true,"href":"https:\/\/migracao.redenoticia.com.br\/noticia\/wp-json\/wp\/v2\/media\/148153"}],"wp:attachment":[{"href":"https:\/\/migracao.redenoticia.com.br\/noticia\/wp-json\/wp\/v2\/media?parent=158126"}],"wp:term":[{"taxonomy":"category","embeddable":true,"href":"https:\/\/migracao.redenoticia.com.br\/noticia\/wp-json\/wp\/v2\/categories?post=158126"},{"taxonomy":"post_tag","embeddable":true,"href":"https:\/\/migracao.redenoticia.com.br\/noticia\/wp-json\/wp\/v2\/tags?post=158126"}],"curies":[{"name":"wp","href":"https:\/\/api.w.org\/{rel}","templated":true}]}}