{"id":15830,"date":"2009-10-30T18:29:08","date_gmt":"2009-10-30T22:29:08","guid":{"rendered":"http:\/\/www.redenoticia.com.br\/noticia\/?p=15830"},"modified":"2009-10-30T18:29:08","modified_gmt":"2009-10-30T22:29:08","slug":"reporter-record-investiga-a-vida-de-criancas-e-adolescentes-que-estao-presos","status":"publish","type":"post","link":"https:\/\/migracao.redenoticia.com.br\/noticia\/2009\/reporter-record-investiga-a-vida-de-criancas-e-adolescentes-que-estao-presos\/15830","title":{"rendered":"Rep\u00f3rter Record investiga a vida de crian\u00e7as e adolescentes que est\u00e3o presos"},"content":{"rendered":"<p>Na noite da pr\u00f3xima segunda-feira, dia 02\/11, \u00e0s 23h, o programa jornal\u00edstico da <strong>Record<\/strong> especializado em mat\u00e9rias investigativas apresentado por Marcos Hummel revela como vivem os jovens infratores nas cadeias das principais capitais do Brasil.<\/p>\n<p>Como \u00e9 perder toda a liberdade da inf\u00e2ncia? Como vencer a saudade dos pais? Que medos perseguem estes garotos e garotas? Ser\u00e1 que os reformat\u00f3rios conseguem, de fato, &#8220;reformar&#8221; os menores infratores?<\/p>\n<p>A equipe do Rep\u00f3rter Record mostra as hist\u00f3rias de dois meninos que protagonizam um roteiro comum a muitos menores carentes do Brasil. Eles entraram para o mundo do crime por causa do v\u00edcio em crack. Os telespectadores da Record v\u00e3o conhecer o emocionante momento em que o mais novo deles, de apenas 12 anos de idade, reencontra a m\u00e3e num tribunal, pouco antes da audi\u00eancia que o sentenciaria a seis meses de pris\u00e3o. Os dois n\u00e3o se viam havia quase um ano. A m\u00e3e, \u00e0s l\u00e1grimas, conta que est\u00e1 com c\u00e2ncer. O outro garoto, de 14 anos, revela ao juiz que fuma maconha e, al\u00e9m de seis meses num centro de recupera\u00e7\u00e3o por causa de um roubo, \u00e9 encaminhado a um programa de reabilita\u00e7\u00e3o para dependentes qu\u00edmicos. Ao ser internado, logo avisa: &#8220;s\u00f3 fico aqui at\u00e9 engordar um pouco&#8221;.<\/p>\n<p>O jornal\u00edstico mostra tamb\u00e9m o drama da superlota\u00e7\u00e3o. Um grupo de at\u00e9 100 garotos divide uma cela onde s\u00f3 deveriam estar 20.<\/p>\n<p>Em outra pris\u00e3o, o flagrante da hierarquia entre os jovens detentos: em meio ao calor intenso, os mais velhos se refrescam dormindo no ch\u00e3o frio. Aos mais novos, resta o alto das beliches, o local mais quente da cadeia.<\/p>\n<p>E ainda: as brigas de meninas presas com monitores encarregados de disciplin\u00e1-las, pais que entregam os filhos desobedientes para a Pol\u00edcia e pedem que eles sejam internados, a puni\u00e7\u00e3o num campo militar para jovens infratores e centros-modelo na recupera\u00e7\u00e3o de menores. A comovente vida de crian\u00e7as atr\u00e1s das grades est\u00e1 no Rep\u00f3rter Record da pr\u00f3xima segunda-feira, dia 02\/11, \u00e0s 23h.<\/p>\n","protected":false},"excerpt":{"rendered":"<p>Na noite da pr\u00f3xima segunda-feira, dia 02\/11, \u00e0s 23h, o programa jornal\u00edstico da Record especializado em mat\u00e9rias investigativas apresentado por Marcos Hummel revela como vivem os jovens infratores nas cadeias das principais capitais do Brasil. Como \u00e9 perder toda a liberdade da inf\u00e2ncia? Como vencer a saudade dos pais? Que medos perseguem estes garotos e [&hellip;]<\/p>\n","protected":false},"author":3,"featured_media":0,"comment_status":"open","ping_status":"open","sticky":false,"template":"","format":"standard","meta":{"tdm_status":"","tdm_grid_status":"","footnotes":""},"categories":[371,343],"tags":[],"class_list":{"0":"post-15830","1":"post","2":"type-post","3":"status-publish","4":"format-standard","6":"category-rede-record","7":"category-televisao"},"_links":{"self":[{"href":"https:\/\/migracao.redenoticia.com.br\/noticia\/wp-json\/wp\/v2\/posts\/15830","targetHints":{"allow":["GET"]}}],"collection":[{"href":"https:\/\/migracao.redenoticia.com.br\/noticia\/wp-json\/wp\/v2\/posts"}],"about":[{"href":"https:\/\/migracao.redenoticia.com.br\/noticia\/wp-json\/wp\/v2\/types\/post"}],"author":[{"embeddable":true,"href":"https:\/\/migracao.redenoticia.com.br\/noticia\/wp-json\/wp\/v2\/users\/3"}],"replies":[{"embeddable":true,"href":"https:\/\/migracao.redenoticia.com.br\/noticia\/wp-json\/wp\/v2\/comments?post=15830"}],"version-history":[{"count":0,"href":"https:\/\/migracao.redenoticia.com.br\/noticia\/wp-json\/wp\/v2\/posts\/15830\/revisions"}],"wp:attachment":[{"href":"https:\/\/migracao.redenoticia.com.br\/noticia\/wp-json\/wp\/v2\/media?parent=15830"}],"wp:term":[{"taxonomy":"category","embeddable":true,"href":"https:\/\/migracao.redenoticia.com.br\/noticia\/wp-json\/wp\/v2\/categories?post=15830"},{"taxonomy":"post_tag","embeddable":true,"href":"https:\/\/migracao.redenoticia.com.br\/noticia\/wp-json\/wp\/v2\/tags?post=15830"}],"curies":[{"name":"wp","href":"https:\/\/api.w.org\/{rel}","templated":true}]}}