{"id":15832,"date":"2009-10-30T18:28:02","date_gmt":"2009-10-30T22:28:02","guid":{"rendered":"http:\/\/www.redenoticia.com.br\/noticia\/?p=15832"},"modified":"2009-10-30T18:28:02","modified_gmt":"2009-10-30T22:28:02","slug":"extra-extra-marcelo-tas-no-cartoon-network-com-noticias-da-hora","status":"publish","type":"post","link":"https:\/\/migracao.redenoticia.com.br\/noticia\/2009\/extra-extra-marcelo-tas-no-cartoon-network-com-noticias-da-hora\/15832","title":{"rendered":"Extra! Extra! Marcelo Tas no Cartoon Network com not\u00edcias da hora!"},"content":{"rendered":"<p>Um novo jornalista est\u00e1 preparando a sua estreia na telinha do <strong>Cartoon Network<\/strong>. Mas, diferente de Peter Parker e Clark Kent, este \u00e9 um jornalista de carne e osso apresentando not\u00edcias inventadas e que estimulam as crian\u00e7as a se interessar por assuntos como meio-ambiente, pol\u00edtica e cidadania. Trata-se do multim\u00eddia <strong>Marcelo Tas<\/strong>, que vai ancorar uma atra\u00e7\u00e3o chamada <strong>PLANT\u00c3O DO TAS<\/strong>. As c\u00e1psulas di\u00e1rias com not\u00edcias da hora ter\u00e3o dura\u00e7\u00e3o m\u00e9dia de 2 minutos e ser\u00e3o exibidas todos os dias, a partir de 4 de janeiro, \u00e0s 19h.<\/p>\n<p>A estreia oficial do PLANT\u00c3O DO TAS, no entanto, acontece no dia 31 de dezembro, \u00e0s 19h, com uma par\u00f3dia das famosas retrospectivas de final de ano &#8211; trazendo o humor bem caracter\u00edstico do Cartoon Network, \u00e9 claro. Ser\u00e1 um especial de meia-hora, com material gravado especialmente para a ocasi\u00e3o.<\/p>\n<p>As mat\u00e9rias das c\u00e1psulas mostrar\u00e3o as not\u00edcias mais estranhas do mundo, como o homem que proclamou a independ\u00eancia do menor pa\u00eds da Terra; o maior an\u00e3o do mundo, que est\u00e1 com dificuldades de encontrar emprego no circo por causa da estatura; ou o lan\u00e7amento da pol\u00eamica autobiografia do Lobo Mau, na qual ele conta que tem asma desde pequeno e jamais poderia ter soprado as casas dos Tr\u00eas Porquinhos. Um verdadeiro esc\u00e2ndalo no mundo dos contos de fadas. No papel de \u00e2ncora, Tas contar\u00e1 com a ajuda dos rep\u00f3rteres mirins Iolanda Violeta e Hugo Mascarenhas &#8211; interpretados respectivamente pelos jovens atores Gabriella Mustaf\u00e1 (11 anos, natural do Paran\u00e1) e Marcos Felipe Oliveira (13 anos, de S\u00e3o Paulo).<\/p>\n<p>PLANT\u00c3O DO TAS tem 30 mini-epis\u00f3dios e \u00e9 uma produ\u00e7\u00e3o do Cartoon Network com realiza\u00e7\u00e3o da Cuatro Cabezas &#8211; produtora respons\u00e1vel pelo &#8220;CQC&#8221; que Tas apresenta na Band. Marcelo Tas esteve envolvido pessoalmente em todo o processo, dos roteiros \u00e0 escolha das crian\u00e7as. &#8220;\u00c9 sempre uma del\u00edcia trabalhar com o p\u00fablico infantil&#8221;, afirma ele. &#8220;Eles s\u00e3o dotados daquela sinceridade muito divertida. E tamb\u00e9m s\u00e3o muito exigentes com rela\u00e7\u00e3o ao conte\u00fado que consomem na TV, nos gibis, nos videogames. Esperamos poder divertir pequenos e grandes com nosso jornalismo do absurdo&#8221;, completa.<\/p>\n<p>Cartoon Network, rede de TV por assinatura com transmiss\u00e3o 24 horas da Turner Broadcasting System, Inc., traz os melhores personagens animados e live-action em desenhos, filmes, videoclipes e games, por meio de diversas plataformas incluindo TV, internet, eventos, produtos licenciados e meios digitais. O canal abriga o maior acervo de desenhos animados, com produ\u00e7\u00f5es premiadas como As Meninas Superpoderosas, Ben 10, As Terr\u00edveis Aventuras de Billy e Mandy, A Mans\u00e3o Foster para Amigos Imagin\u00e1rios, Chowder, As Trapalhadas de Flapjack, S\u00e1bados Secretos e Ben 10: For\u00e7a Alien\u00edgena. O canal foi lan\u00e7ado em 30 de abril de 1993 e \u00e9 transmitido na Am\u00e9rica Latina em mais de 28,6 milh\u00f5es de domic\u00edlios em portugu\u00eas, espanhol e ingl\u00eas. www.CartoonNetwork.com.BR<\/p>\n","protected":false},"excerpt":{"rendered":"<p>Um novo jornalista est\u00e1 preparando a sua estreia na telinha do Cartoon Network. Mas, diferente de Peter Parker e Clark Kent, este \u00e9 um jornalista de carne e osso apresentando not\u00edcias inventadas e que estimulam as crian\u00e7as a se interessar por assuntos como meio-ambiente, pol\u00edtica e cidadania. Trata-se do multim\u00eddia Marcelo Tas, que vai ancorar [&hellip;]<\/p>\n","protected":false},"author":3,"featured_media":0,"comment_status":"open","ping_status":"open","sticky":false,"template":"","format":"standard","meta":{"tdm_status":"","tdm_grid_status":"","footnotes":""},"categories":[343],"tags":[],"class_list":{"0":"post-15832","1":"post","2":"type-post","3":"status-publish","4":"format-standard","6":"category-televisao"},"_links":{"self":[{"href":"https:\/\/migracao.redenoticia.com.br\/noticia\/wp-json\/wp\/v2\/posts\/15832","targetHints":{"allow":["GET"]}}],"collection":[{"href":"https:\/\/migracao.redenoticia.com.br\/noticia\/wp-json\/wp\/v2\/posts"}],"about":[{"href":"https:\/\/migracao.redenoticia.com.br\/noticia\/wp-json\/wp\/v2\/types\/post"}],"author":[{"embeddable":true,"href":"https:\/\/migracao.redenoticia.com.br\/noticia\/wp-json\/wp\/v2\/users\/3"}],"replies":[{"embeddable":true,"href":"https:\/\/migracao.redenoticia.com.br\/noticia\/wp-json\/wp\/v2\/comments?post=15832"}],"version-history":[{"count":0,"href":"https:\/\/migracao.redenoticia.com.br\/noticia\/wp-json\/wp\/v2\/posts\/15832\/revisions"}],"wp:attachment":[{"href":"https:\/\/migracao.redenoticia.com.br\/noticia\/wp-json\/wp\/v2\/media?parent=15832"}],"wp:term":[{"taxonomy":"category","embeddable":true,"href":"https:\/\/migracao.redenoticia.com.br\/noticia\/wp-json\/wp\/v2\/categories?post=15832"},{"taxonomy":"post_tag","embeddable":true,"href":"https:\/\/migracao.redenoticia.com.br\/noticia\/wp-json\/wp\/v2\/tags?post=15832"}],"curies":[{"name":"wp","href":"https:\/\/api.w.org\/{rel}","templated":true}]}}