{"id":1585,"date":"2009-05-12T16:26:57","date_gmt":"2009-05-12T20:26:57","guid":{"rendered":"http:\/\/www.redenoticia.com.br\/noticia\/?p=1585"},"modified":"2009-05-12T16:26:57","modified_gmt":"2009-05-12T20:26:57","slug":"operacao-tapa-buracos-em-ji-parana","status":"publish","type":"post","link":"https:\/\/migracao.redenoticia.com.br\/noticia\/2009\/operacao-tapa-buracos-em-ji-parana\/1585","title":{"rendered":"Opera\u00e7\u00e3o Tapa Buracos em Ji-Paran\u00e1"},"content":{"rendered":"<p align=\"justify\"><span style=\"font-family: 'Times New Roman'; font-size: small;\">A Secretaria Municipal de Obras e Servi\u00e7os P\u00fablicos (SEMOSP) de Ji-Paran\u00e1 iniciou ontem (12) mais uma Opera\u00e7\u00e3o Tapa Buracos no Primeiro Distrito. Nos \u00faltimos 30 dias os trabalhos haviam sido intensificados no Segundo Distrito. De acordo com o coordenador de obras da Secretaria, Jo\u00e3o Vilas Boas, a equipe da SEMOSP iniciou os trabalhos pela Avenida Marechal Rondon por ser uma das vias mais movimentadas deste distrito. A atividade tem por objetivo fechar pequenos buracos criados pelas chuvas e \u00e1guas servidas que danificam a pavimenta\u00e7\u00e3o. \u201cOutro problema enfrentado s\u00e3o os carros e caminh\u00f5es pesados\u201d, acrescentou Vilas Boas.<\/span><\/p>\n<p align=\"justify\"><span style=\"font-family: 'Times New Roman'; font-size: small;\">No Segundo Distrito foram recuperados pontos cr\u00edticos nas ruas e avenidas pavimentadas com PMF, um tipo de asfalto a frio. A mesma emuls\u00e3o asf\u00e1ltica ser\u00e1 utilizada no Primeiro Distrito. Jo\u00e3o Vilas Boas informou ainda que iniciou a prepara\u00e7\u00e3o da rua Paran\u00e1, pr\u00f3ximo a Climeron, para cal\u00e7amento com bloquetes. Outra via que est\u00e1 preparada para receber cal\u00e7amento \u00e9 a Nestor Ramos, no Bairro Urup\u00e1, trecho entre a Vilagran Cabrita e Avenida 6 de Maio. Os trabalhos com bloquetes s\u00e3o terceirizados.<\/span>\u00a0<\/p>\n<p align=\"justify\"><span style=\"font-family: 'Times New Roman'; font-size: small;\"><strong>Zona Rural<\/strong><\/span><\/p>\n<p align=\"justify\"><span style=\"font-family: 'Times New Roman'; font-size: small;\">Dando continuidade aos trabalhos iniciados no \u00faltimo final de semana, a equipe da SEMOSP trabalha na recupera\u00e7\u00e3o de pontos cr\u00edticos na Linha 207, no trecho entre a linha 153 at\u00e9 a TN. Ainda de acordo com o coordenador de Obras, foi iniciado esta semana a prepara\u00e7\u00e3o e o transporte de madeira para a reconstru\u00e7\u00e3o do pontilh\u00e3o, localizado na Linha Adventista, entre as Linhas 28 e Estrada Municipal.<\/span>\u00a0<\/p>\n","protected":false},"excerpt":{"rendered":"<p>A Secretaria Municipal de Obras e Servi\u00e7os P\u00fablicos (SEMOSP) de Ji-Paran\u00e1 iniciou ontem (12) mais uma Opera\u00e7\u00e3o Tapa Buracos no Primeiro Distrito. Nos \u00faltimos 30 dias os trabalhos haviam sido intensificados no Segundo Distrito. De acordo com o coordenador de obras da Secretaria, Jo\u00e3o Vilas Boas, a equipe da SEMOSP iniciou os trabalhos pela Avenida [&hellip;]<\/p>\n","protected":false},"author":2,"featured_media":0,"comment_status":"open","ping_status":"open","sticky":false,"template":"","format":"standard","meta":{"tdm_status":"","tdm_grid_status":"","footnotes":""},"categories":[22],"tags":[],"class_list":{"0":"post-1585","1":"post","2":"type-post","3":"status-publish","4":"format-standard","6":"category-brasil"},"_links":{"self":[{"href":"https:\/\/migracao.redenoticia.com.br\/noticia\/wp-json\/wp\/v2\/posts\/1585","targetHints":{"allow":["GET"]}}],"collection":[{"href":"https:\/\/migracao.redenoticia.com.br\/noticia\/wp-json\/wp\/v2\/posts"}],"about":[{"href":"https:\/\/migracao.redenoticia.com.br\/noticia\/wp-json\/wp\/v2\/types\/post"}],"author":[{"embeddable":true,"href":"https:\/\/migracao.redenoticia.com.br\/noticia\/wp-json\/wp\/v2\/users\/2"}],"replies":[{"embeddable":true,"href":"https:\/\/migracao.redenoticia.com.br\/noticia\/wp-json\/wp\/v2\/comments?post=1585"}],"version-history":[{"count":0,"href":"https:\/\/migracao.redenoticia.com.br\/noticia\/wp-json\/wp\/v2\/posts\/1585\/revisions"}],"wp:attachment":[{"href":"https:\/\/migracao.redenoticia.com.br\/noticia\/wp-json\/wp\/v2\/media?parent=1585"}],"wp:term":[{"taxonomy":"category","embeddable":true,"href":"https:\/\/migracao.redenoticia.com.br\/noticia\/wp-json\/wp\/v2\/categories?post=1585"},{"taxonomy":"post_tag","embeddable":true,"href":"https:\/\/migracao.redenoticia.com.br\/noticia\/wp-json\/wp\/v2\/tags?post=1585"}],"curies":[{"name":"wp","href":"https:\/\/api.w.org\/{rel}","templated":true}]}}