{"id":1588,"date":"2009-05-12T23:41:48","date_gmt":"2009-05-13T03:41:48","guid":{"rendered":"http:\/\/www.redenoticia.com.br\/noticia\/?p=1588"},"modified":"2009-05-12T23:41:48","modified_gmt":"2009-05-13T03:41:48","slug":"nota-de-pesar-prf-comitiva-de-ivo-cassol-ao-peru","status":"publish","type":"post","link":"https:\/\/migracao.redenoticia.com.br\/noticia\/2009\/nota-de-pesar-prf-comitiva-de-ivo-cassol-ao-peru\/1588","title":{"rendered":"NOTA DE PESAR PRF &#8211; COMITIVA DE IVO CASSOL AO PERU"},"content":{"rendered":"<p class=\"western\" style=\"margin-bottom: 0.5cm;\" align=\"justify\">\u00c9 com muito pesar,  que a 21\u00aa Superintend\u00eancia de Policia Rodovi\u00e1ria Federal comunica o falecimento  do PRF, Agente Especial V Itamir Ferreira Marques, 38 anos, lotado na 1\u00aa  Delegacia\/PRF.<\/p>\n<p class=\"western\" style=\"margin-bottom: 0cm;\" align=\"justify\">Itamir entrou na PRF  no dia 06.11.96, era atualmente o Chefe do N\u00facleo de Opera\u00e7\u00f5es Especiais da  21\u00aaSRPRF e se deslocava juntamente com a equipe de motociclistas da PRF  prestando os servi\u00e7os de seguran\u00e7a para a comitiva do Governador de Rond\u00f4nia e  do grupo de empres\u00e1rios rondonienses em uma viagem ao Peru.<\/p>\n<p class=\"western\" style=\"margin-bottom: 0cm;\" align=\"justify\">A comitiva saiu de  Porto Velho por volta das 09 horas da manha de hoje (12\/05), com dire\u00e7\u00e3o a Rio  Branco\/AC, sendo que a escolta terminaria em Assis Brasil\/AC, uma vez que  trajeto a ser seguido pela PRF seria at\u00e9 a divisa com o Peru.<\/p>\n<p class=\"western\" style=\"margin-bottom: 0cm;\" align=\"justify\">No final desta tarde,  Itamir foi vitima do acidente de tr\u00e2nsito ocorrido no Br 317, Km 111, na curva  do Alem\u00e3o, no Munic\u00edpio de Senador Guiomar. Sendo que informa\u00e7\u00f5es preliminares  relatam que que o motociclista seguia sentido Capixaba\/AC, quando na curva do  Alem\u00e3o, n\u00e3o conseguiu realizar a converg\u00eancia, vindo a sair da pista. Foi  socorrido pelos colegas de farda que tamb\u00e9m estavam a servi\u00e7o, por\u00e9m acabou por  falecer em seguida, vitima de parada respirat\u00f3ria.<\/p>\n<p class=\"western\" style=\"margin-bottom: 0cm;\" align=\"justify\">O seu corpo dever\u00e1  vir hoje para Porto Velho\/RO.<\/p>\n<p class=\"western\" style=\"margin-bottom: 0cm;\" align=\"justify\"><span style=\"font-family: verdana; color: #000000; font-size: x-small;\"><strong><span style=\"font-family: Verdana,Arial,Helvetica,sans-serif; font-size: xx-small;\"><span style=\"font-family: Geneva,Arial,Helvetica,sans-serif; font-size: x-small;\">Fonte  :<\/span><\/span><\/strong><span style=\"font-family: Geneva,Arial,Helvetica,sans-serif; font-size: x-small;\"> <span>PRF <\/span><\/span><\/span><\/p>\n","protected":false},"excerpt":{"rendered":"<p>\u00c9 com muito pesar, que a 21\u00aa Superintend\u00eancia de Policia Rodovi\u00e1ria Federal comunica o falecimento do PRF, Agente Especial V Itamir Ferreira Marques, 38 anos, lotado na 1\u00aa Delegacia\/PRF. Itamir entrou na PRF no dia 06.11.96, era atualmente o Chefe do N\u00facleo de Opera\u00e7\u00f5es Especiais da 21\u00aaSRPRF e se deslocava juntamente com a equipe de [&hellip;]<\/p>\n","protected":false},"author":3,"featured_media":0,"comment_status":"open","ping_status":"open","sticky":false,"template":"","format":"standard","meta":{"tdm_status":"","tdm_grid_status":"","footnotes":""},"categories":[22],"tags":[],"class_list":{"0":"post-1588","1":"post","2":"type-post","3":"status-publish","4":"format-standard","6":"category-brasil"},"_links":{"self":[{"href":"https:\/\/migracao.redenoticia.com.br\/noticia\/wp-json\/wp\/v2\/posts\/1588","targetHints":{"allow":["GET"]}}],"collection":[{"href":"https:\/\/migracao.redenoticia.com.br\/noticia\/wp-json\/wp\/v2\/posts"}],"about":[{"href":"https:\/\/migracao.redenoticia.com.br\/noticia\/wp-json\/wp\/v2\/types\/post"}],"author":[{"embeddable":true,"href":"https:\/\/migracao.redenoticia.com.br\/noticia\/wp-json\/wp\/v2\/users\/3"}],"replies":[{"embeddable":true,"href":"https:\/\/migracao.redenoticia.com.br\/noticia\/wp-json\/wp\/v2\/comments?post=1588"}],"version-history":[{"count":0,"href":"https:\/\/migracao.redenoticia.com.br\/noticia\/wp-json\/wp\/v2\/posts\/1588\/revisions"}],"wp:attachment":[{"href":"https:\/\/migracao.redenoticia.com.br\/noticia\/wp-json\/wp\/v2\/media?parent=1588"}],"wp:term":[{"taxonomy":"category","embeddable":true,"href":"https:\/\/migracao.redenoticia.com.br\/noticia\/wp-json\/wp\/v2\/categories?post=1588"},{"taxonomy":"post_tag","embeddable":true,"href":"https:\/\/migracao.redenoticia.com.br\/noticia\/wp-json\/wp\/v2\/tags?post=1588"}],"curies":[{"name":"wp","href":"https:\/\/api.w.org\/{rel}","templated":true}]}}