{"id":1589,"date":"2009-05-12T23:55:28","date_gmt":"2009-05-13T03:55:28","guid":{"rendered":"http:\/\/www.redenoticia.com.br\/noticia\/?p=1589"},"modified":"2009-05-12T23:55:28","modified_gmt":"2009-05-13T03:55:28","slug":"arr-lanca-30%c2%aa-expojipa","status":"publish","type":"post","link":"https:\/\/migracao.redenoticia.com.br\/noticia\/2009\/arr-lanca-30%c2%aa-expojipa\/1589","title":{"rendered":"ARR lan\u00e7a 30\u00aa EXPOJIPA"},"content":{"rendered":"<p>Na noite de ontem, o presidente e diretoria da Associa\u00e7\u00e3o Rural de Rond\u00f4nia (ARR) reuniu autoridades, convidados e imprensa para lan\u00e7ar a 30\u00aa exposi\u00e7\u00e3o agropecu\u00e1ria de Ji-Paran\u00e1 &#8211; Expojipa.<\/p>\n<p>Marcito Pinto, presidente da Associa\u00e7\u00e3o Comercial e Industrial de Ji-Paran\u00e1 (ACIJIP) abriu os discursos e desejou sorte ao Curi\u00f3, presidente da ARR, e demais diretores do evento, lembrando da complexidade da organiza\u00e7\u00e3o.<\/p>\n<p>Na sequencia diversas autoridades expressaram a import\u00e2ncia da EXPOJIPA no cen\u00e1rio estadual e finalmente o CURI\u00d3 oficializou pr\u00eamios e atra\u00e7\u00f5es.<\/p>\n<p>O valor do passaporte ser\u00e1 de R$ 90,00 em fun\u00e7\u00e3o da premia\u00e7\u00e3o do bingo, cinco S10 e 1 motocicleta, e dos tr\u00eas shows contratados: C\u00e9sar Menotti e Fabiano, Tch\u00ea Garotos e NX0.<\/p>\n","protected":false},"excerpt":{"rendered":"<p>Na noite de ontem, o presidente e diretoria da Associa\u00e7\u00e3o Rural de Rond\u00f4nia (ARR) reuniu autoridades, convidados e imprensa para lan\u00e7ar a 30\u00aa exposi\u00e7\u00e3o agropecu\u00e1ria de Ji-Paran\u00e1 &#8211; Expojipa. Marcito Pinto, presidente da Associa\u00e7\u00e3o Comercial e Industrial de Ji-Paran\u00e1 (ACIJIP) abriu os discursos e desejou sorte ao Curi\u00f3, presidente da ARR, e demais diretores do [&hellip;]<\/p>\n","protected":false},"author":3,"featured_media":0,"comment_status":"open","ping_status":"open","sticky":false,"template":"","format":"standard","meta":{"tdm_status":"","tdm_grid_status":"","footnotes":""},"categories":[22],"tags":[],"class_list":{"0":"post-1589","1":"post","2":"type-post","3":"status-publish","4":"format-standard","6":"category-brasil"},"_links":{"self":[{"href":"https:\/\/migracao.redenoticia.com.br\/noticia\/wp-json\/wp\/v2\/posts\/1589","targetHints":{"allow":["GET"]}}],"collection":[{"href":"https:\/\/migracao.redenoticia.com.br\/noticia\/wp-json\/wp\/v2\/posts"}],"about":[{"href":"https:\/\/migracao.redenoticia.com.br\/noticia\/wp-json\/wp\/v2\/types\/post"}],"author":[{"embeddable":true,"href":"https:\/\/migracao.redenoticia.com.br\/noticia\/wp-json\/wp\/v2\/users\/3"}],"replies":[{"embeddable":true,"href":"https:\/\/migracao.redenoticia.com.br\/noticia\/wp-json\/wp\/v2\/comments?post=1589"}],"version-history":[{"count":0,"href":"https:\/\/migracao.redenoticia.com.br\/noticia\/wp-json\/wp\/v2\/posts\/1589\/revisions"}],"wp:attachment":[{"href":"https:\/\/migracao.redenoticia.com.br\/noticia\/wp-json\/wp\/v2\/media?parent=1589"}],"wp:term":[{"taxonomy":"category","embeddable":true,"href":"https:\/\/migracao.redenoticia.com.br\/noticia\/wp-json\/wp\/v2\/categories?post=1589"},{"taxonomy":"post_tag","embeddable":true,"href":"https:\/\/migracao.redenoticia.com.br\/noticia\/wp-json\/wp\/v2\/tags?post=1589"}],"curies":[{"name":"wp","href":"https:\/\/api.w.org\/{rel}","templated":true}]}}