{"id":159087,"date":"2018-12-02T09:41:14","date_gmt":"2018-12-02T11:41:14","guid":{"rendered":"https:\/\/www.redenoticia.com.br\/noticia\/?p=159087"},"modified":"2018-12-03T06:47:10","modified_gmt":"2018-12-03T08:47:10","slug":"novela-o-tempo-nao-para-samuca-desconfia-de-agnese","status":"publish","type":"post","link":"https:\/\/migracao.redenoticia.com.br\/noticia\/2018\/novela-o-tempo-nao-para-samuca-desconfia-de-agnese\/159087","title":{"rendered":"Novela \u201cO Tempo N\u00e3o Para\u201d: Samuca deduz que Agnese \u00e9 criminosa"},"content":{"rendered":"<p><img loading=\"lazy\" decoding=\"async\" src=\"https:\/\/migracao.redenoticia.com.br\/noticia\/imagens\/o-tempo-nao-para-012-150x112.jpg\" alt=\"\" width=\"150\" height=\"112\" class=\"alignleft size-thumbnail wp-image-151635\" srcset=\"https:\/\/migracao.redenoticia.com.br\/noticia\/imagens\/o-tempo-nao-para-012-150x112.jpg 150w, https:\/\/migracao.redenoticia.com.br\/noticia\/imagens\/o-tempo-nao-para-012-265x198.jpg 265w, https:\/\/migracao.redenoticia.com.br\/noticia\/imagens\/o-tempo-nao-para-012-485x360.jpg 485w\" sizes=\"auto, (max-width: 150px) 100vw, 150px\" \/><strong><em>Novela \u201cO Tempo N\u00e3o Para\u201d:<\/em><\/strong> Marocas (Juliana Paiva) revela a Samuca (Nicolas Prattes) que fez exames e algu\u00e9m est\u00e1 tentando tirar a sua vida com uma esp\u00e9cie de veneno. Samuca garante: \u201cEu vou descobrir quem t\u00e1 fazendo isso com voc\u00ea! Essa pessoa tem que ir pra cadeia!&#8230; eu vou achar esse covarde\u2026 Esse cara \u00e9 perigoso\u2026 Tem um assassino perto da gente!\u201d<\/p>\n<p>Marocas relata: \u201cTudo faz sentido agora. As minhas tonturas, os desmaios\u2026 Os acessos de mal estar\u201d. Samuca deduz que o criminoso est\u00e1 dentro da mans\u00e3o dos Sabino Machado: \u201cEfeito desse veneno que voc\u00ea tava tomando sem saber. \u00c9 um pesadelo\u2026 Um filme de terror. Algu\u00e9m que pudesse misturar essa porcaria na sua comida e na bebida sem levantar suspeitas. Algu\u00e9m que circule na sua casa, entrando e saindo da cozinha\u201d. <\/p>\n<p>Samuca e Marocas desconfiam da governanta Agnese (Beatriz Campos). Marocas a procura para question\u00e1-la. Enquanto isso, L\u00facio (Jo\u00e3o Baldasserini) avisa a governanta e a manda fugir. Cena prevista para dezembro, em &#8220;O Tempo N\u00e3o Para&#8221;.<\/p>\n<p>\u00a0 <\/p>\n<p>Sinopse \u201cO Tempo N\u00e3o Para\u201d: Anos de avan\u00e7os e descobertas que moldaram costumes, h\u00e1bitos e linguagens da sociedade contempor\u00e2nea v\u00e3o gerar um choque em uma abastada fam\u00edlia do s\u00e9culo XIX que desperta no s\u00e9culo XXI. Por 132 anos, os Sabino Machado e seus agregados ficaram congelados, dentro de um bloco de gelo, enquanto a vida l\u00e1 fora passava. Agora, v\u00e3o despertar em uma S\u00e3o Paulo pulsante e turbulenta e se deparar com a sociedade em pleno 2018. &#8220;O Tempo N\u00e3o Para&#8221;, nova novela das 7, \u00e9 escrita por Mario Teixeira e tem dire\u00e7\u00e3o art\u00edstica de Leonardo Nogueira.<\/p>\n","protected":false},"excerpt":{"rendered":"<p>Novela \u201cO Tempo N\u00e3o Para\u201d: Marocas (Juliana Paiva) revela a Samuca (Nicolas Prattes) que fez exames e algu\u00e9m est\u00e1 tentando tirar a sua vida com uma esp\u00e9cie de veneno. Samuca garante: \u201cEu vou descobrir quem t\u00e1 fazendo isso com voc\u00ea! Essa pessoa tem que ir pra cadeia!&#8230; eu vou achar esse covarde\u2026 Esse cara \u00e9 [&hellip;]<\/p>\n","protected":false},"author":2,"featured_media":151634,"comment_status":"open","ping_status":"closed","sticky":false,"template":"","format":"standard","meta":{"tdm_status":"","tdm_grid_status":"","footnotes":""},"categories":[379,490,375,343],"tags":[440],"class_list":{"0":"post-159087","1":"post","2":"type-post","3":"status-publish","4":"format-standard","5":"has-post-thumbnail","7":"category-novelas","8":"category-o-tempo-nao-para","9":"category-rede-globo","10":"category-televisao","11":"tag-noticia-novela"},"_links":{"self":[{"href":"https:\/\/migracao.redenoticia.com.br\/noticia\/wp-json\/wp\/v2\/posts\/159087","targetHints":{"allow":["GET"]}}],"collection":[{"href":"https:\/\/migracao.redenoticia.com.br\/noticia\/wp-json\/wp\/v2\/posts"}],"about":[{"href":"https:\/\/migracao.redenoticia.com.br\/noticia\/wp-json\/wp\/v2\/types\/post"}],"author":[{"embeddable":true,"href":"https:\/\/migracao.redenoticia.com.br\/noticia\/wp-json\/wp\/v2\/users\/2"}],"replies":[{"embeddable":true,"href":"https:\/\/migracao.redenoticia.com.br\/noticia\/wp-json\/wp\/v2\/comments?post=159087"}],"version-history":[{"count":0,"href":"https:\/\/migracao.redenoticia.com.br\/noticia\/wp-json\/wp\/v2\/posts\/159087\/revisions"}],"wp:featuredmedia":[{"embeddable":true,"href":"https:\/\/migracao.redenoticia.com.br\/noticia\/wp-json\/wp\/v2\/media\/151634"}],"wp:attachment":[{"href":"https:\/\/migracao.redenoticia.com.br\/noticia\/wp-json\/wp\/v2\/media?parent=159087"}],"wp:term":[{"taxonomy":"category","embeddable":true,"href":"https:\/\/migracao.redenoticia.com.br\/noticia\/wp-json\/wp\/v2\/categories?post=159087"},{"taxonomy":"post_tag","embeddable":true,"href":"https:\/\/migracao.redenoticia.com.br\/noticia\/wp-json\/wp\/v2\/tags?post=159087"}],"curies":[{"name":"wp","href":"https:\/\/api.w.org\/{rel}","templated":true}]}}