{"id":1592,"date":"2009-05-13T10:52:43","date_gmt":"2009-05-13T14:52:43","guid":{"rendered":"http:\/\/www.redenoticia.com.br\/noticia\/?p=1592"},"modified":"2009-05-13T22:52:51","modified_gmt":"2009-05-14T02:52:51","slug":"porto-velho-ariquemes-e-mais-13-municipios-de-rondonia-nao-prestaram-contas-ao-fnde","status":"publish","type":"post","link":"https:\/\/migracao.redenoticia.com.br\/noticia\/2009\/porto-velho-ariquemes-e-mais-13-municipios-de-rondonia-nao-prestaram-contas-ao-fnde\/1592","title":{"rendered":"Porto Velho, Ariquemes e mais 13 munic\u00edpios de Rond\u00f4nia n\u00e3o prestaram contas ao FNDE"},"content":{"rendered":"<p><span style=\"font-family: Arial;\"><a href=\"https:\/\/migracao.redenoticia.com.br\/noticia\/imagens\/\/dados.jpg\"><img loading=\"lazy\" decoding=\"async\" class=\"alignleft size-thumbnail wp-image-1605\" title=\"dados\" src=\"https:\/\/migracao.redenoticia.com.br\/noticia\/imagens\/\/dados-148x112.jpg\" alt=\"dados\" width=\"148\" height=\"112\" \/><\/a>Por n\u00e3o terem prestado contas do quanto investiram em educa\u00e7\u00e3o no ano passado, 15 munic\u00edpios correm o risco de deixar de receber os recursos federais destinados ao ensino p\u00fablico. <\/span><\/p>\n<p class=\"MsoNormal\"><span style=\"font-family: Arial; color: black;\">Segundo o Fundo Nacional de Desenvolvimento da Educa\u00e7\u00e3o (FNDE), at\u00e9 a manh\u00e3 de hoje (13), os munic\u00edpios de Ariquemes, Buritis, Cacaul\u00e2ndia, Candeias do Jamari, Corumbiara, Costa Marques, Governador Jorge Teixeira, Ministro Andreazza, Pimenteiras do Oeste, Nova Uni\u00e3o, Porto Velho, Rio Crespo, S\u00e3o Francisco do Guapor\u00e9, Theobroma e Vale do Anari n\u00e3o haviam apresentado ao Sistema de Informa\u00e7\u00f5es sobre Or\u00e7amentos P\u00fablicos em Educa\u00e7\u00e3o (Siope) a presta\u00e7\u00e3o de contas. Os munic\u00edpios tiveram at\u00e9 o \u00faltimo dia 30 para repassar os dados. <\/span><\/p>\n<p class=\"MsoNormal\"><span style=\"font-family: Arial; color: black;\">Pela Lei de Responsabilidade Fiscal, o munic\u00edpio, o estado e o Distrito Federal s\u00e3o obrigados a apresentarem as informa\u00e7\u00f5es sobre os gastos com a educa\u00e7\u00e3o. <\/span><\/p>\n<p class=\"MsoNormal\"><span style=\"font-family: Arial; color: black;\">A unidade da federa\u00e7\u00e3o que descumprir a lei fica impedida de receber qualquer transfer\u00eancia volunt\u00e1ria feita pelo Minist\u00e9rio da Educa\u00e7\u00e3o ou por outros \u00f3rg\u00e3os do governo federal. <\/span><\/p>\n<p class=\"MsoNormal\"><span style=\"font-family: Arial; color: black;\">Os recursos s\u00e3o para custear, entre outras coisas, a constru\u00e7\u00e3o de escolas e creches, forma\u00e7\u00e3o de professores ou a aquisi\u00e7\u00e3o de ve\u00edculos para o transporte escolar.<\/span><\/p>\n<p class=\"MsoNormal\"><span style=\"font-family: Arial; color: black;\">No caso da presta\u00e7\u00e3o de contas estaduais, o prazo s\u00f3 termina no dia 29 de maio. De acordo com o relat\u00f3rio do FNDE, apenas o Rio Grande do Sul havia transmitido suas informa\u00e7\u00f5es at\u00e9 a manh\u00e3 de hoje. <\/span><\/p>\n<p class=\"MsoNormal\"><span style=\"font-family: Arial; color: black;\"> <\/span><\/p>\n<p class=\"MsoNormal\"><span style=\"font-family: Arial; color: #6c7962;\">Amanda Cieglinski e Alex Rodrigues<br \/>\n<em>Rep\u00f3rteres da Ag\u00eancia Brasil<\/em><\/span><\/p>\n<p class=\"MsoNormal\"><span style=\"font-family: Arial; color: #6c7962;\"><em>Foto SXC<br \/>\n<\/em><\/span><\/p>\n<p class=\"MsoNormal\"><span style=\"font-family: Arial;\"><a href=\"http:\/\/fonte%20www.fnde.gov.br\/\">Fonte www.fnde.gov.br<\/a><\/span><\/p>\n","protected":false},"excerpt":{"rendered":"<p>Por n\u00e3o terem prestado contas do quanto investiram em educa\u00e7\u00e3o no ano passado, 15 munic\u00edpios correm o risco de deixar de receber os recursos federais destinados ao ensino p\u00fablico. Segundo o Fundo Nacional de Desenvolvimento da Educa\u00e7\u00e3o (FNDE), at\u00e9 a manh\u00e3 de hoje (13), os munic\u00edpios de Ariquemes, Buritis, Cacaul\u00e2ndia, Candeias do Jamari, Corumbiara, Costa [&hellip;]<\/p>\n","protected":false},"author":3,"featured_media":0,"comment_status":"open","ping_status":"open","sticky":false,"template":"","format":"standard","meta":{"tdm_status":"","tdm_grid_status":"","footnotes":""},"categories":[22],"tags":[],"class_list":{"0":"post-1592","1":"post","2":"type-post","3":"status-publish","4":"format-standard","6":"category-brasil"},"_links":{"self":[{"href":"https:\/\/migracao.redenoticia.com.br\/noticia\/wp-json\/wp\/v2\/posts\/1592","targetHints":{"allow":["GET"]}}],"collection":[{"href":"https:\/\/migracao.redenoticia.com.br\/noticia\/wp-json\/wp\/v2\/posts"}],"about":[{"href":"https:\/\/migracao.redenoticia.com.br\/noticia\/wp-json\/wp\/v2\/types\/post"}],"author":[{"embeddable":true,"href":"https:\/\/migracao.redenoticia.com.br\/noticia\/wp-json\/wp\/v2\/users\/3"}],"replies":[{"embeddable":true,"href":"https:\/\/migracao.redenoticia.com.br\/noticia\/wp-json\/wp\/v2\/comments?post=1592"}],"version-history":[{"count":0,"href":"https:\/\/migracao.redenoticia.com.br\/noticia\/wp-json\/wp\/v2\/posts\/1592\/revisions"}],"wp:attachment":[{"href":"https:\/\/migracao.redenoticia.com.br\/noticia\/wp-json\/wp\/v2\/media?parent=1592"}],"wp:term":[{"taxonomy":"category","embeddable":true,"href":"https:\/\/migracao.redenoticia.com.br\/noticia\/wp-json\/wp\/v2\/categories?post=1592"},{"taxonomy":"post_tag","embeddable":true,"href":"https:\/\/migracao.redenoticia.com.br\/noticia\/wp-json\/wp\/v2\/tags?post=1592"}],"curies":[{"name":"wp","href":"https:\/\/api.w.org\/{rel}","templated":true}]}}