{"id":159338,"date":"2018-11-23T00:09:56","date_gmt":"2018-11-23T02:09:56","guid":{"rendered":"https:\/\/www.redenoticia.com.br\/noticia\/?p=159338"},"modified":"2018-12-06T23:56:07","modified_gmt":"2018-12-07T01:56:07","slug":"a-fazenda-10-conectada-votacao-em-leo-e-rafael-movimenta-a-enquete","status":"publish","type":"post","link":"https:\/\/migracao.redenoticia.com.br\/noticia\/2018\/a-fazenda-10-conectada-votacao-em-leo-e-rafael-movimenta-a-enquete\/159338","title":{"rendered":"&#8220;A Fazenda&#8221; 10 + Conectada: vota\u00e7\u00e3o em Leo e Rafael movimentou a enquete"},"content":{"rendered":"<p><img loading=\"lazy\" decoding=\"async\" class=\"alignleft size-thumbnail wp-image-152827\" src=\"https:\/\/migracao.redenoticia.com.br\/noticia\/imagens\/a-fazenda-10-2018-150x112.jpg\" alt=\"\" width=\"150\" height=\"112\" srcset=\"https:\/\/migracao.redenoticia.com.br\/noticia\/imagens\/a-fazenda-10-2018-150x112.jpg 150w, https:\/\/migracao.redenoticia.com.br\/noticia\/imagens\/a-fazenda-10-2018-265x198.jpg 265w, https:\/\/migracao.redenoticia.com.br\/noticia\/imagens\/a-fazenda-10-2018-485x360.jpg 485w\" sizes=\"auto, (max-width: 150px) 100vw, 150px\" \/><strong><em>\u201cA Fazenda\u201d forma\u00e7\u00e3o da ro\u00e7a e vota\u00e7\u00e3o na enquete:<\/em><\/strong> Quem deve continuar em &#8220;A Fazenda&#8221;? Rafael recebeu 64,51% dos votos do p\u00fablico e continua no jogo. Leo se despediu de &#8220;A Fazenda&#8221; 2018. A nona ro\u00e7a desta edi\u00e7\u00e3o come\u00e7ou na noite desta segunda-feira, 19\/11, quando o apresentador Marcos Mion chamou os pe\u00f5es para a \u00e1rea de vota\u00e7\u00e3o. Com o resultado da enquete, o dono do Poder da Chama Vermelha escolheu entre imunidade \u00e0 indica\u00e7\u00e3o do Fazendeiro ou Imunidade \u00e0 vota\u00e7\u00e3o dos pe\u00f5es. Felipe abriu o Lampi\u00e3o e pegou os poderes. Felipe ficou com o poder da chama Vermelha, escolheu a imunidade dos votos dos pe\u00f5es e deu o poder da chama Azul para o Jo\u00e3o. O Fazendeiro Ca\u00edque indicou Jo\u00e3o para a ro\u00e7a.<\/p>\n<p>Destaque &#8211; <a href=\"https:\/\/migracao.redenoticia.com.br\/noticia\/2018\/a-fazenda-10-conectada-votacao-em-evandro-joao-e-rafael-movimenta-a-enquete\/161220\">\u201cA Fazenda\u201d 10 + Conectada: vota\u00e7\u00e3o em Evandro, Jo\u00e3o e Rafael movimenta a enquete<\/a><\/p>\n<p>Os pe\u00f5es apresentaram seus votos nos concorrentes da sede: Jo\u00e3o, Leo e Felipe votaram no Rafael, que votou no Leo. Evandro votou no Leo. C\u00e1tia votou no Evandro. Com o poder da Chama Azul, Jo\u00e3o imunizou o Felipe no jogo do Resta Um. Rafael salvou Evandro, que salvou a C\u00e1tia. Leo n\u00e3o foi salvo e foi para a ro\u00e7a. Leo, Jo\u00e3o e Rafael formaram a nova ro\u00e7a e disputaram a prova do Fazendeiro na ter\u00e7a (20). Os pe\u00f5es tiveram que ter agilidade e for\u00e7a para superar o circuito de obst\u00e1culos e montar o quebra-cabe\u00e7a. Jo\u00e3o ganhou a prova e conquistou o cargo de Fazendeiro da Semana. Leo e Rafael disputaram a prefer\u00eancia do p\u00fablico para continuarem em &#8220;A Fazenda&#8221;.  <\/p>\n<p><script type=\"text\/javascript\" charset=\"utf-8\" data-cfasync=\"false\" src=\"https:\/\/secure.polldaddy.com\/p\/10170749.js\"><\/script><br \/>\n<noscript><a href=\"https:\/\/poll.fm\/10170749\">Quem deve continuar em &#8220;A Fazenda&#8221;?<\/a><\/noscript><\/p>\n<p>Se voc\u00ea n\u00e3o est\u00e1 vendo a enquete &#8220;A Fazenda&#8221; 10, clique no link &#8211; <a href=\"https:\/\/migracao.redenoticia.com.br\/noticia\/2018\/a-fazenda-10-conectada-votacao-em-leo-e-rafael-movimenta-a-enquete\/159338\">&#8220;A Fazenda&#8221; 10 + Conectada: vota\u00e7\u00e3o em Leo e Rafael movimenta a enquete<\/a><\/p>\n<p>Resultado parcial<\/p>\n<p>21\/11 09h48 &#8211; Rafael 73,18%; Leo 26,82%. Total de Votos 7.423.<br \/>\n21\/11 22h05 &#8211; Rafael 72,24%; Leo 27,76%. Total de Votos 16.543.<br \/>\n22\/11 11h36 &#8211; Rafael 74,31%; Leo 25,69%. Total de Votos 22.311.<\/p>\n<p>O voto v\u00e1lido foi registrado no portal oficial do programa <a href=\"http:\/\/afazenda.r7.com\/a-fazenda-10\">&#8220;A Fazenda\u201d 10 + Conectada<\/a> Rede Record.<\/p>\n<p>&#8212;<\/p>\n<p>Pe\u00f5es &#8220;A Fazenda&#8221; 10 + Conectada<\/p>\n<p>Equipe \u00c1gua &#8211; Leo Stronda e Ca\u00edque Aguiar. Luane Dias; Gabi Prado; Fernanda Lacerda; Perlla; Ana Paula Renault e Nadja Pessoa foram eliminadas do jogo.<\/p>\n<p>Equipe Terra &#8211; Rafael Ilha; Evandro Santo; Felipe Sertanejo; C\u00e1tia Paganote e Jo\u00e3o Zoli. Sandro Pedroso, Alo\u00edsio Chulapa e Vida Vlatt foram eliminados do jogo.<\/p>\n<p>Rede Record &#8220;A Fazenda&#8221; 10 + Conectada<\/p>\n<p>&#8212;<br \/>\nA produ\u00e7\u00e3o da Record junto com a produtora Cygnus estabeleceu o calend\u00e1rio de trabalhos desta temporada de &#8220;A Fazenda&#8221;: a atra\u00e7\u00e3o come\u00e7ar\u00e1 a semana com a Forma\u00e7\u00e3o da Ro\u00e7a, na qual um roceiro ser\u00e1 indicado pelo Fazendeiro, o segundo pelo participante mais votado da sede e o terceiro, escolhido pela segunda pessoa que estiver na ro\u00e7a, que ter\u00e1 o direito de indicar algu\u00e9m da Baia.<\/p>\n<p>No lugar da Prova da Chave, entra a Prova do Fogo, na qual o vencedor adquire poderes especiais para si e para um outro pe\u00e3o.<\/p>\n<p>Na ter\u00e7a-feira, ser\u00e1 o dia da Prova do Fazendeiro, na qual os tr\u00eas roceiros entram na disputa. O Fazendeiro dar\u00e1 as ordens na casa, ganha imunidade por mais uma semana, escapa da Ro\u00e7a e ainda indica um pe\u00e3o na semana seguinte.<\/p>\n<p>Na quarta, ser\u00e3o exibidos os Melhores Momentos do dia, enquanto a quinta-feira ser\u00e1 dia de Elimina\u00e7\u00e3o. Sextas-feiras ter\u00e3o a Prova de Fogo com os membros indicados de cada grupo, no s\u00e1bado eles se divertem na Festa e no domingo, haver\u00e1 uma Atividade Especial.<\/p>\n","protected":false},"excerpt":{"rendered":"<p>\u201cA Fazenda\u201d forma\u00e7\u00e3o da ro\u00e7a e vota\u00e7\u00e3o na enquete: Quem deve continuar em &#8220;A Fazenda&#8221;? Rafael recebeu 64,51% dos votos do p\u00fablico e continua no jogo. Leo se despediu de &#8220;A Fazenda&#8221; 2018. A nona ro\u00e7a desta edi\u00e7\u00e3o come\u00e7ou na noite desta segunda-feira, 19\/11, quando o apresentador Marcos Mion chamou os pe\u00f5es para a \u00e1rea [&hellip;]<\/p>\n","protected":false},"author":2,"featured_media":152827,"comment_status":"open","ping_status":"closed","sticky":false,"template":"","format":"standard","meta":{"tdm_status":"","tdm_grid_status":"","footnotes":""},"categories":[406,371,343],"tags":[521],"class_list":{"0":"post-159338","1":"post","2":"type-post","3":"status-publish","4":"format-standard","5":"has-post-thumbnail","7":"category-a-fazenda","8":"category-rede-record","9":"category-televisao","10":"tag-enquete"},"_links":{"self":[{"href":"https:\/\/migracao.redenoticia.com.br\/noticia\/wp-json\/wp\/v2\/posts\/159338","targetHints":{"allow":["GET"]}}],"collection":[{"href":"https:\/\/migracao.redenoticia.com.br\/noticia\/wp-json\/wp\/v2\/posts"}],"about":[{"href":"https:\/\/migracao.redenoticia.com.br\/noticia\/wp-json\/wp\/v2\/types\/post"}],"author":[{"embeddable":true,"href":"https:\/\/migracao.redenoticia.com.br\/noticia\/wp-json\/wp\/v2\/users\/2"}],"replies":[{"embeddable":true,"href":"https:\/\/migracao.redenoticia.com.br\/noticia\/wp-json\/wp\/v2\/comments?post=159338"}],"version-history":[{"count":0,"href":"https:\/\/migracao.redenoticia.com.br\/noticia\/wp-json\/wp\/v2\/posts\/159338\/revisions"}],"wp:featuredmedia":[{"embeddable":true,"href":"https:\/\/migracao.redenoticia.com.br\/noticia\/wp-json\/wp\/v2\/media\/152827"}],"wp:attachment":[{"href":"https:\/\/migracao.redenoticia.com.br\/noticia\/wp-json\/wp\/v2\/media?parent=159338"}],"wp:term":[{"taxonomy":"category","embeddable":true,"href":"https:\/\/migracao.redenoticia.com.br\/noticia\/wp-json\/wp\/v2\/categories?post=159338"},{"taxonomy":"post_tag","embeddable":true,"href":"https:\/\/migracao.redenoticia.com.br\/noticia\/wp-json\/wp\/v2\/tags?post=159338"}],"curies":[{"name":"wp","href":"https:\/\/api.w.org\/{rel}","templated":true}]}}