{"id":159601,"date":"2018-11-23T08:06:17","date_gmt":"2018-11-23T10:06:17","guid":{"rendered":"https:\/\/www.redenoticia.com.br\/noticia\/?p=159601"},"modified":"2018-11-22T20:51:09","modified_gmt":"2018-11-22T22:51:09","slug":"novela-jesus-resumo-26-11-jesus-anda-sobre-as-aguas","status":"publish","type":"post","link":"https:\/\/migracao.redenoticia.com.br\/noticia\/2018\/novela-jesus-resumo-26-11-jesus-anda-sobre-as-aguas\/159601","title":{"rendered":"Novela \u201cJesus\u201d resumo 26\/11: Jesus anda sobre as \u00e1guas"},"content":{"rendered":"<p> <img loading=\"lazy\" decoding=\"async\" class=\"alignleft size-thumbnail wp-image-148138\" src=\"https:\/\/migracao.redenoticia.com.br\/noticia\/imagens\/jesus-novela-resumo-150x112.jpg\" alt=\"\" width=\"150\" height=\"112\" srcset=\"https:\/\/migracao.redenoticia.com.br\/noticia\/imagens\/jesus-novela-resumo-150x112.jpg 150w, https:\/\/migracao.redenoticia.com.br\/noticia\/imagens\/jesus-novela-resumo-265x198.jpg 265w, https:\/\/migracao.redenoticia.com.br\/noticia\/imagens\/jesus-novela-resumo-485x360.jpg 485w, https:\/\/migracao.redenoticia.com.br\/noticia\/imagens\/jesus-novela-resumo-534x400.jpg 534w\" sizes=\"auto, (max-width: 150px) 100vw, 150px\" \/><em><strong>Novela \u201cJesus\u201d resumo 26\/11<\/strong><\/em>: no capitulo 090 (*) da novela \u201cJesus\u201d, segunda-feira, 26 de novembro, Caif\u00e1s se queixa de An\u00e1s. Arimat\u00e9ia tenta conversar com Tiago Justo, mas \u00e9 destratada. Barrab\u00e1s ordena que os rebeldes re\u00fanam o maior n\u00famero poss\u00edvel de pessoas para a revolta. Os ap\u00f3stolos se desesperam com a forte tempestade. Barrab\u00e1s se irrita ao ver Petronius na casa de Adela. Longinus descobre que Salom\u00e9 foi vista na cidade. Tiago Justo sofre ao lembrar de Deborah. Zaqueu cobra impostos de Shabaka. Caius e Longinus procuram por Salom\u00e9. No pal\u00e1cio, Adela fala sobre o encontro com Salom\u00e9. Herod\u00edade se irrita com o depoimento dela e \u00e9 contida por Pilatos. Asisa fala mal de Jesus para Sara.<\/p>\n<p>Durante a tempestade no mar, os ap\u00f3stolos se assustam com a presen\u00e7a de um volto em meio as ondas. Sara critica Asisa, que sai irritada. Os ap\u00f3stolos ficam impressionados ao verem Jesus andando sobre as \u00e1guas. Pedro pede para fazer o mesmo, mas se distrai com um trov\u00e3o e acaba afundando, suplicando a ajuda de Jesus. Ele \u00e9 salvo pelo Filho de Deus. Eles chegam \u00e0 Genesar\u00e9 e Jesus manda avisarem a todos sobre sua presen\u00e7a na cidade. Adela fica preocupada ao ouvir Barrab\u00e1s falando sobre a revolta. Arimat\u00e9ia conversa com Deborah e diz que Tiago Justo est\u00e1 com \u00f3dio.<\/p>\n<p>Laila se queixa com o marido sobre sua solid\u00e3o. Jesus cura mais pessoas e Pedro o alerta para a quantidade de gente. Caif\u00e1s estranha a grosseria de An\u00e1s. Malco avisa que v\u00e1rios revoltosos est\u00e3o na porta do templo. Maria tenta se aproximar de Jesus. Goy pede ajuda ao homem que encontraram. Sim\u00e3o Zelote se apresenta \u00e0 Maria Madalena. Maria sente orgulho do Filho. Pilatos \u00e9 avisado sobre a presen\u00e7a dos revoltosos. Barrab\u00e1s incita os rebeldes. Caif\u00e1s d\u00e1 carta branca ao grupo de judeus. Longinus encontra Salom\u00e9 no tanque de Betesda. Jairo insiste e acaba beijando Laila.Jesus fala para a multid\u00e3o.<\/p>\n<p>(*) edi\u00e7\u00e3o da Rede Record, Novela \u201cJesus\u201d, sujeito a altera\u00e7\u00e3o de data e conte\u00fado.<\/p>\n<p>\u201cJesus\u201d &#8211; Ap\u00f3s receber a anuncia\u00e7\u00e3o de que o filho de Deus estava a caminho, Maria (Cl\u00e1udia Mauro) d\u00e1 a luz ao escolhido e, junto com o marido Jos\u00e9 (Michel Bercovitch), cria com valores e bons princ\u00edpios o jovem escolhido Jesus (Dudu Azevedo). A profecia do escolhido incomoda o rei Herodes (Paulo Gorgulho), que passa a perseguir a fam\u00edlia, for\u00e7ando Maria e Jos\u00e9 a criarem Jesus como um jovem comum longe de sua miss\u00e3o.<\/p>\n","protected":false},"excerpt":{"rendered":"<p>Novela \u201cJesus\u201d resumo 26\/11: no capitulo 090 (*) da novela \u201cJesus\u201d, segunda-feira, 26 de novembro, Caif\u00e1s se queixa de An\u00e1s. Arimat\u00e9ia tenta conversar com Tiago Justo, mas \u00e9 destratada. Barrab\u00e1s ordena que os rebeldes re\u00fanam o maior n\u00famero poss\u00edvel de pessoas para a revolta. Os ap\u00f3stolos se desesperam com a forte tempestade. Barrab\u00e1s se irrita [&hellip;]<\/p>\n","protected":false},"author":2,"featured_media":149878,"comment_status":"open","ping_status":"closed","sticky":false,"template":"","format":"standard","meta":{"tdm_status":"","tdm_grid_status":"","footnotes":""},"categories":[488,379,371,343],"tags":[441],"class_list":{"0":"post-159601","1":"post","2":"type-post","3":"status-publish","4":"format-standard","5":"has-post-thumbnail","7":"category-jesus","8":"category-novelas","9":"category-rede-record","10":"category-televisao","11":"tag-resumo-do-dia"},"_links":{"self":[{"href":"https:\/\/migracao.redenoticia.com.br\/noticia\/wp-json\/wp\/v2\/posts\/159601","targetHints":{"allow":["GET"]}}],"collection":[{"href":"https:\/\/migracao.redenoticia.com.br\/noticia\/wp-json\/wp\/v2\/posts"}],"about":[{"href":"https:\/\/migracao.redenoticia.com.br\/noticia\/wp-json\/wp\/v2\/types\/post"}],"author":[{"embeddable":true,"href":"https:\/\/migracao.redenoticia.com.br\/noticia\/wp-json\/wp\/v2\/users\/2"}],"replies":[{"embeddable":true,"href":"https:\/\/migracao.redenoticia.com.br\/noticia\/wp-json\/wp\/v2\/comments?post=159601"}],"version-history":[{"count":0,"href":"https:\/\/migracao.redenoticia.com.br\/noticia\/wp-json\/wp\/v2\/posts\/159601\/revisions"}],"wp:featuredmedia":[{"embeddable":true,"href":"https:\/\/migracao.redenoticia.com.br\/noticia\/wp-json\/wp\/v2\/media\/149878"}],"wp:attachment":[{"href":"https:\/\/migracao.redenoticia.com.br\/noticia\/wp-json\/wp\/v2\/media?parent=159601"}],"wp:term":[{"taxonomy":"category","embeddable":true,"href":"https:\/\/migracao.redenoticia.com.br\/noticia\/wp-json\/wp\/v2\/categories?post=159601"},{"taxonomy":"post_tag","embeddable":true,"href":"https:\/\/migracao.redenoticia.com.br\/noticia\/wp-json\/wp\/v2\/tags?post=159601"}],"curies":[{"name":"wp","href":"https:\/\/api.w.org\/{rel}","templated":true}]}}