{"id":159872,"date":"2021-07-29T04:41:41","date_gmt":"2021-07-29T07:41:41","guid":{"rendered":"https:\/\/www.redenoticia.com.br\/noticia\/?p=159872"},"modified":"2021-07-29T14:39:02","modified_gmt":"2021-07-29T17:39:02","slug":"saiba-como-deixar-sua-casa-livre-de-criadouros-do-aedes-aegypti","status":"publish","type":"post","link":"https:\/\/migracao.redenoticia.com.br\/noticia\/2021\/saiba-como-deixar-sua-casa-livre-de-criadouros-do-aedes-aegypti\/159872","title":{"rendered":"Saiba como deixar sua casa livre da Dengue, em qualquer esta\u00e7\u00e3o do ano"},"content":{"rendered":"<p>O\u00a0Aedes aegypti \u00e9 o mosquito transmissor da <strong><em>dengue, zika v\u00edrus e chikungunya<\/em><\/strong>. De acordo com especialistas, um per\u00edodo quente e com pancadas de chuva frequentes propicia a reprodu\u00e7\u00e3o do inseto. Segundo uma diretriz do Sistema \u00danico de Sa\u00fade (SUS), o trabalho de campo para combater o mosquito compete principalmente aos munic\u00edpios. J\u00e1 o Governo Estadual presta aux\u00edlio por meio de treinamentos t\u00e9cnicos, al\u00e9m de apoio, sempre que necess\u00e1rio.<\/p>\n<p>Apesar da atua\u00e7\u00e3o do poder p\u00fablico, o apoio da popula\u00e7\u00e3o \u00e9 fundamental para evitar focos de transmiss\u00e3o da dengue, pois cerca de 80% dos criadouros est\u00e3o em resid\u00eancias. Assim, armazenar \u00e1gua de forma incorreta, deixar algum v\u00e3o na caixa d\u2019\u00e1gua ou esquecer recipiente no quintal s\u00e3o os principais motivos que fazem das casas os principais criadouros do\u00a0Aedes aegypti, que prefere \u00e1gua parada e limpa.<\/p>\n<p>O mosquito tem evolu\u00e7\u00e3o r\u00e1pida e pode sobreviver a todas as esta\u00e7\u00f5es do ano. Uma pesquisa do Instituto Butantan, unidade ligada \u00e0 Secretaria de Estado da Sa\u00fade e um dos maiores centros de pesquisa biom\u00e9dicas do mundo, constatou que o\u00a0Aedes aegypti\u00a0possui patrim\u00f4nio gen\u00e9tico muito grande e vari\u00e1vel mesmo no inverno, \u00e9poca de baixa incid\u00eancia do inseto.<\/p>\n<p>Orienta\u00e7\u00f5es<\/p>\n<p>Por isso, \u00e9 importante relembrar as dicas para evitar que as casas e apartamentos se transformem em criadouros:<\/p>\n<p>\u2013 Coloque o lixo em sacos pl\u00e1sticos e mantenha a lixeira sempre fechada;<\/p>\n<p>\u2013 Folhas e tudo o que possa impedir a \u00e1gua de correr pelas calhas tamb\u00e9m precisam ser removidos;<\/p>\n<p>\u2013 Encha os pratos dos vasos de plantas com areia at\u00e9 a borda;<\/p>\n<p>\u2013 Troque a \u00e1gua e lave o vaso das plantas aqu\u00e1ticas com escova, \u00e1gua e sab\u00e3o pelo menos uma vez por semana;<\/p>\n<p>\u2013 Garrafas e recipientes que acumulam \u00e1gua devem ser sempre virados para baixo;<\/p>\n<p>\u2013 Caixas d\u2019\u00e1gua tamb\u00e9m devem permanecer fechadas e todos os objetos que acumulam \u00e1gua, como embalagens usadas, devem ser jogados no lixo.<\/p>\n<p>Do Portal do Governo SP<\/p>\n","protected":false},"excerpt":{"rendered":"<p>O\u00a0Aedes aegypti \u00e9 o mosquito transmissor da dengue, zika v\u00edrus e chikungunya. De acordo com especialistas, um per\u00edodo quente e com pancadas de chuva frequentes propicia a reprodu\u00e7\u00e3o do inseto. Segundo uma diretriz do Sistema \u00danico de Sa\u00fade (SUS), o trabalho de campo para combater o mosquito compete principalmente aos munic\u00edpios. J\u00e1 o Governo Estadual [&hellip;]<\/p>\n","protected":false},"author":2,"featured_media":195959,"comment_status":"open","ping_status":"closed","sticky":false,"template":"","format":"standard","meta":{"tdm_status":"","tdm_grid_status":"","footnotes":""},"categories":[22],"tags":[],"class_list":{"0":"post-159872","1":"post","2":"type-post","3":"status-publish","4":"format-standard","5":"has-post-thumbnail","7":"category-brasil"},"_links":{"self":[{"href":"https:\/\/migracao.redenoticia.com.br\/noticia\/wp-json\/wp\/v2\/posts\/159872","targetHints":{"allow":["GET"]}}],"collection":[{"href":"https:\/\/migracao.redenoticia.com.br\/noticia\/wp-json\/wp\/v2\/posts"}],"about":[{"href":"https:\/\/migracao.redenoticia.com.br\/noticia\/wp-json\/wp\/v2\/types\/post"}],"author":[{"embeddable":true,"href":"https:\/\/migracao.redenoticia.com.br\/noticia\/wp-json\/wp\/v2\/users\/2"}],"replies":[{"embeddable":true,"href":"https:\/\/migracao.redenoticia.com.br\/noticia\/wp-json\/wp\/v2\/comments?post=159872"}],"version-history":[{"count":0,"href":"https:\/\/migracao.redenoticia.com.br\/noticia\/wp-json\/wp\/v2\/posts\/159872\/revisions"}],"wp:featuredmedia":[{"embeddable":true,"href":"https:\/\/migracao.redenoticia.com.br\/noticia\/wp-json\/wp\/v2\/media\/195959"}],"wp:attachment":[{"href":"https:\/\/migracao.redenoticia.com.br\/noticia\/wp-json\/wp\/v2\/media?parent=159872"}],"wp:term":[{"taxonomy":"category","embeddable":true,"href":"https:\/\/migracao.redenoticia.com.br\/noticia\/wp-json\/wp\/v2\/categories?post=159872"},{"taxonomy":"post_tag","embeddable":true,"href":"https:\/\/migracao.redenoticia.com.br\/noticia\/wp-json\/wp\/v2\/tags?post=159872"}],"curies":[{"name":"wp","href":"https:\/\/api.w.org\/{rel}","templated":true}]}}