{"id":16,"date":"2009-03-28T22:23:00","date_gmt":"2009-03-29T01:23:00","guid":{"rendered":"http:\/\/www.redenoticia.com.br\/noticia\/?p=16"},"modified":"2009-04-10T19:48:52","modified_gmt":"2009-04-10T22:48:52","slug":"cristina-do-lago-de-ouro-preto-do-oeste","status":"publish","type":"post","link":"https:\/\/migracao.redenoticia.com.br\/noticia\/2009\/cristina-do-lago-de-ouro-preto-do-oeste\/16","title":{"rendered":"Cristina do Lago, de Ouro Preto do Oeste."},"content":{"rendered":"<p class=\"style3\">\u00a0<\/p>\n<p class=\"style3\"><span>Destaque nacional como atriz.<\/span><\/p>\n<p class=\"style2\"><span>Atuou na pe\u00e7a Ariano, que homenageia a vida e obra do escritor Ariano Suassuna,<\/span> e \u00e9 protagonista do filme, Eu Prefiro a Mar\u00e9, de L\u00facia Murat,<\/p>\n","protected":false},"excerpt":{"rendered":"<p>\u00a0 Destaque nacional como atriz. Atuou na pe\u00e7a Ariano, que homenageia a vida e obra do escritor Ariano Suassuna, e \u00e9 protagonista do filme, Eu Prefiro a Mar\u00e9, de L\u00facia Murat,<\/p>\n","protected":false},"author":2,"featured_media":0,"comment_status":"open","ping_status":"open","sticky":false,"template":"","format":"standard","meta":{"tdm_status":"","tdm_grid_status":"","footnotes":""},"categories":[22],"tags":[],"class_list":{"0":"post-16","1":"post","2":"type-post","3":"status-publish","4":"format-standard","6":"category-brasil"},"_links":{"self":[{"href":"https:\/\/migracao.redenoticia.com.br\/noticia\/wp-json\/wp\/v2\/posts\/16","targetHints":{"allow":["GET"]}}],"collection":[{"href":"https:\/\/migracao.redenoticia.com.br\/noticia\/wp-json\/wp\/v2\/posts"}],"about":[{"href":"https:\/\/migracao.redenoticia.com.br\/noticia\/wp-json\/wp\/v2\/types\/post"}],"author":[{"embeddable":true,"href":"https:\/\/migracao.redenoticia.com.br\/noticia\/wp-json\/wp\/v2\/users\/2"}],"replies":[{"embeddable":true,"href":"https:\/\/migracao.redenoticia.com.br\/noticia\/wp-json\/wp\/v2\/comments?post=16"}],"version-history":[{"count":0,"href":"https:\/\/migracao.redenoticia.com.br\/noticia\/wp-json\/wp\/v2\/posts\/16\/revisions"}],"wp:attachment":[{"href":"https:\/\/migracao.redenoticia.com.br\/noticia\/wp-json\/wp\/v2\/media?parent=16"}],"wp:term":[{"taxonomy":"category","embeddable":true,"href":"https:\/\/migracao.redenoticia.com.br\/noticia\/wp-json\/wp\/v2\/categories?post=16"},{"taxonomy":"post_tag","embeddable":true,"href":"https:\/\/migracao.redenoticia.com.br\/noticia\/wp-json\/wp\/v2\/tags?post=16"}],"curies":[{"name":"wp","href":"https:\/\/api.w.org\/{rel}","templated":true}]}}