{"id":1600,"date":"2009-05-13T22:45:03","date_gmt":"2009-05-14T02:45:03","guid":{"rendered":"http:\/\/www.redenoticia.com.br\/noticia\/?p=1600"},"modified":"2009-05-13T22:45:03","modified_gmt":"2009-05-14T02:45:03","slug":"mobilizacao-sobre-casos-de-hanseniase-no-brasil","status":"publish","type":"post","link":"https:\/\/migracao.redenoticia.com.br\/noticia\/2009\/mobilizacao-sobre-casos-de-hanseniase-no-brasil\/1600","title":{"rendered":"Mobiliza\u00e7\u00e3o sobre casos de hansen\u00edase no Brasil"},"content":{"rendered":"<p class=\"MsoNormal\" style=\"margin-bottom: 15pt; line-height: 12.75pt;\"><span class=\"titulo11\"><\/span><span style=\"font-family: Arial;\"><a href=\"https:\/\/migracao.redenoticia.com.br\/noticia\/imagens\/\/hanse.jpg\"><img loading=\"lazy\" decoding=\"async\" class=\"alignleft size-medium wp-image-1599\" title=\"hanse\" src=\"https:\/\/migracao.redenoticia.com.br\/noticia\/imagens\/\/hanse-249x187.jpg\" alt=\"hanse\" width=\"249\" height=\"187\" \/><\/a><span> <\/span>Painel estendido no gramado em frente ao Congresso Nacional alerta para o avan\u00e7o da hansen\u00edase no pa\u00eds. O ato faz parte de uma s\u00e9rie de manifesta\u00e7\u00f5es organizadas pelo Encontro Nacional de Jovens do Movimento de Reintegra\u00e7\u00e3o das Pessoas Atingidas por Hansen\u00edase (Morhan) <\/span><\/p>\n<p class=\"MsoNormal\"><span style=\"font-family: Arial;\">Bras\u00edlia &#8211; Mais de 120 jovens de todos os estados brasileiros participam hoje (13), em Bras\u00edlia, de uma s\u00e9rie de atos p\u00fablicos para chamar a aten\u00e7\u00e3o da popula\u00e7\u00e3o e do poder p\u00fablico para os altos \u00edndices de casos de hansen\u00edase no Brasil.<\/p>\n<p>A mobiliza\u00e7\u00e3o foi organizada pelo Movimento de Reintegra\u00e7\u00e3o das Pessoas Atingidas pela Hansen\u00edase (Morhan). \u201cA ideia \u00e9 motivar o Poder Executivo, o Legislativo. A gente tamb\u00e9m quer sensibilizar os executivos municipais. Muito tem que ser feito pela hansen\u00edase, mas depende do empenho de todos\u201d, afirma o coordenador do Morhan, Arthur Cust\u00f3dio, em entrevista ao programa Cotidiano, da <strong>R\u00e1dio Nacional<\/strong>.<\/p>\n<p>Pela manh\u00e3, o palco do ato p\u00fablico foi o gramado do Congresso Nacional. Os participantes estenderam no local um mapa de 90 metros quadrados, elaborado pelo artista pl\u00e1stico Siron Franco, indicando as regi\u00f5es com maior incid\u00eancia da hansen\u00edase.<\/p>\n<p>O Brasil lidera o<em> ranking <\/em>de incid\u00eancia da<em> <\/em>hansen\u00edase, com 21,94 ocorr\u00eancias para cada 100 mil habitantes. A cada ano, s\u00e3o registrados 40 mil novos casos.<\/p>\n<p>O motivo de o Brasil estar no topo da lista de pa\u00edses, segundo representantes de movimentos que lutam contra a doen\u00e7a, \u00e9 a falta de pol\u00edticas p\u00fablicas, principalmente, as de iniciativas municipais. \u201cNa verdade, 80% [<em>da responsabilidade<\/em>] de controlar e eliminar a doen\u00e7a est\u00e1 no munic\u00edpio\u201d, revela Cust\u00f3dio.<\/p>\n<p>Para este ano, o Minist\u00e9rio da Sa\u00fade aumentou o valor de recursos para o combate \u00e0 hansen\u00edase. O repasse passou de R$ 700 mil para R$ 1,4 milh\u00e3o. No entanto, os servi\u00e7os de sa\u00fade estaduais e municipais precisam estar mais preparados para diagnosticar e tratar a doen\u00e7a. \u201cO governo federal tem priorizado a hansen\u00edase como qualquer outra doen\u00e7a, mas precisamos fortalecer os munic\u00edpios\u201d, diz a coordenadora do Programa Nacional de Controle da Hansen\u00edase, Maria Aparecida de Faria.<\/p>\n<p>A transmiss\u00e3o da hansen\u00edase de pessoa para pessoa n\u00e3o \u00e9 poss\u00edvel pelo toque mas pela respira\u00e7\u00e3o. Em geral, os germes s\u00e3o eliminados por got\u00edculas da fala e s\u00e3o inalados por outras pessoas penetrando no organismo pela mucosa do nariz. \u201c\u00c9 pela fala, quando as pessoas trocam secre\u00e7\u00f5es\u201d, explica o m\u00e9dico dermatologista Get\u00falio Moraes.<\/p>\n<p>O tratamento dura de seis a doze meses, por\u00e9m a transmiss\u00e3o da doen\u00e7a \u00e9 eliminada j\u00e1 a partir do in\u00edcio das primeiras doses de rem\u00e9dio. \u201cO primeiro comprimido mata 94% das bact\u00e9rias\u201d, revela o m\u00e9dico.<br \/>\n<!--[if !supportLineBreakNewLine]--><br \/>\n<!--[endif]--><\/span><\/p>\n<p><!-- .replace('','').replace('\n\n','') --><span class=\"assinatura11\"><span style=\"font-size: 12pt; font-family: Arial; color: windowtext;\">Da Ag\u00eancia Brasil <\/span><\/span><\/p>\n","protected":false},"excerpt":{"rendered":"<p>Painel estendido no gramado em frente ao Congresso Nacional alerta para o avan\u00e7o da hansen\u00edase no pa\u00eds. O ato faz parte de uma s\u00e9rie de manifesta\u00e7\u00f5es organizadas pelo Encontro Nacional de Jovens do Movimento de Reintegra\u00e7\u00e3o das Pessoas Atingidas por Hansen\u00edase (Morhan) Bras\u00edlia &#8211; Mais de 120 jovens de todos os estados brasileiros participam hoje [&hellip;]<\/p>\n","protected":false},"author":3,"featured_media":0,"comment_status":"open","ping_status":"open","sticky":false,"template":"","format":"standard","meta":{"tdm_status":"","tdm_grid_status":"","footnotes":""},"categories":[22,5],"tags":[],"class_list":{"0":"post-1600","1":"post","2":"type-post","3":"status-publish","4":"format-standard","6":"category-brasil","7":"category-saude-e-vida"},"_links":{"self":[{"href":"https:\/\/migracao.redenoticia.com.br\/noticia\/wp-json\/wp\/v2\/posts\/1600","targetHints":{"allow":["GET"]}}],"collection":[{"href":"https:\/\/migracao.redenoticia.com.br\/noticia\/wp-json\/wp\/v2\/posts"}],"about":[{"href":"https:\/\/migracao.redenoticia.com.br\/noticia\/wp-json\/wp\/v2\/types\/post"}],"author":[{"embeddable":true,"href":"https:\/\/migracao.redenoticia.com.br\/noticia\/wp-json\/wp\/v2\/users\/3"}],"replies":[{"embeddable":true,"href":"https:\/\/migracao.redenoticia.com.br\/noticia\/wp-json\/wp\/v2\/comments?post=1600"}],"version-history":[{"count":0,"href":"https:\/\/migracao.redenoticia.com.br\/noticia\/wp-json\/wp\/v2\/posts\/1600\/revisions"}],"wp:attachment":[{"href":"https:\/\/migracao.redenoticia.com.br\/noticia\/wp-json\/wp\/v2\/media?parent=1600"}],"wp:term":[{"taxonomy":"category","embeddable":true,"href":"https:\/\/migracao.redenoticia.com.br\/noticia\/wp-json\/wp\/v2\/categories?post=1600"},{"taxonomy":"post_tag","embeddable":true,"href":"https:\/\/migracao.redenoticia.com.br\/noticia\/wp-json\/wp\/v2\/tags?post=1600"}],"curies":[{"name":"wp","href":"https:\/\/api.w.org\/{rel}","templated":true}]}}