{"id":160254,"date":"2018-11-28T23:54:26","date_gmt":"2018-11-29T01:54:26","guid":{"rendered":"https:\/\/www.redenoticia.com.br\/noticia\/?p=160254"},"modified":"2018-11-28T18:24:28","modified_gmt":"2018-11-28T20:24:28","slug":"cinco-vagas-de-pos-doutorado-em-fisica-com-bolsas-da-fapesp","status":"publish","type":"post","link":"https:\/\/migracao.redenoticia.com.br\/noticia\/2018\/cinco-vagas-de-pos-doutorado-em-fisica-com-bolsas-da-fapesp\/160254","title":{"rendered":"Cinco vagas de p\u00f3s-doutorado em F\u00edsica com Bolsas da FAPESP"},"content":{"rendered":"<p> Ag\u00eancia Fapesp\u00a0\u2013 Est\u00e3o abertas cinco <strong><em>vagas de p\u00f3s-doutorado<\/em><\/strong> com bolsas da FAPESP para o Projeto Tem\u00e1tico \u201c\u201d coordenado pelo professor\u00a0\u00a0da Unesp.<\/p>\n<p>O\u00a0\u00a0\u00e9 um centro criado por meio de uma parceria entre o International Centre for Theoretical Physics de Trieste (ICTP), na It\u00e1lia, com FAPESP e Universidade Estadual Paulista (Unesp), e est\u00e1 localizado no campus do Instituto de F\u00edsica Te\u00f3rica (IFT-UNESP), em S\u00e3o Paulo.<\/p>\n<p>O centro organiza escolas, workshops e programas para visitantes em todas as \u00e1reas de f\u00edsica te\u00f3rica. Os p\u00f3s-doutores dever\u00e3o colaborar com pesquisadores associados do ICTP-SAIFR no IFT-Unesp e em outras universidades do Estado de S\u00e3o Paulo.<\/p>\n<p>Os candidatos aprovados come\u00e7am o est\u00e1gio de p\u00f3s-doutorado no in\u00edcio de 2019. Essas cinco vagas poder\u00e3o ser preenchidas em \u00e1reas como astrof\u00edsica, sistemas complexos com aplica\u00e7\u00f5es para biologia, mat\u00e9ria condensada te\u00f3rica, cosmologia e relatividade geral, ondas gravitacionais, f\u00edsica matem\u00e1tica, f\u00edsica das part\u00edculas te\u00f3rica e experimental, f\u00edsica dos \u00e1tomos frios, QCD e f\u00edsica hadr\u00f4nica, informa\u00e7\u00e3o qu\u00e2ntica e teoria das cordas. Al\u00e9m da bolsa da FAPESP, os p\u00f3s-doutores receber\u00e3o apoio financeiro do ICTP para convidar colaboradores e organizar atividades.<\/p>\n<p>Interessados podem se candidatar preenchendo o formul\u00e1rio online no link\u00a0. As inscri\u00e7\u00f5es podem ser feitas at\u00e9 1\u00ba de dezembro de 2018.<\/p>\n<p>Mais informa\u00e7\u00f5es sobre as vagas em:\u00a0.<\/p>\n<p>A oportunidade de p\u00f3s-doutorado est\u00e1 aberta a brasileiros e estrangeiros. O selecionado receber\u00e1 Bolsa de P\u00f3s-Doutorado da FAPESP no valor de R$ 7.373,10 mensais e Reserva T\u00e9cnica equivalente a 15% do valor anual da bolsa para atender a despesas imprevistas e diretamente relacionadas \u00e0 atividade de pesquisa.<\/p>\n<p>Caso o bolsista de PD resida em domic\u00edlio fora da cidade na qual se localiza a institui\u00e7\u00e3o-sede da pesquisa e precise se mudar, poder\u00e1 ter direito a um aux\u00edlio instala\u00e7\u00e3o. Mais informa\u00e7\u00f5es sobre a Bolsa de P\u00f3s-Doutorado da FAPESP est\u00e3o dispon\u00edveis em\u00a0.<\/p>\n<p>Outras vagas de bolsas, em diversas \u00e1reas do conhecimento, est\u00e3o no site FAPESP-Oportunidades em\u00a0.<\/p>\n<p>http:\/\/agencia.fapesp.br\/noticias\/<\/p>\n","protected":false},"excerpt":{"rendered":"<p>Ag\u00eancia Fapesp\u00a0\u2013 Est\u00e3o abertas cinco vagas de p\u00f3s-doutorado com bolsas da FAPESP para o Projeto Tem\u00e1tico \u201c\u201d coordenado pelo professor\u00a0\u00a0da Unesp. O\u00a0\u00a0\u00e9 um centro criado por meio de uma parceria entre o International Centre for Theoretical Physics de Trieste (ICTP), na It\u00e1lia, com FAPESP e Universidade Estadual Paulista (Unesp), e est\u00e1 localizado no campus do [&hellip;]<\/p>\n","protected":false},"author":2,"featured_media":148568,"comment_status":"open","ping_status":"closed","sticky":false,"template":"","format":"standard","meta":{"tdm_status":"","tdm_grid_status":"","footnotes":""},"categories":[370,353],"tags":[],"class_list":{"0":"post-160254","1":"post","2":"type-post","3":"status-publish","4":"format-standard","5":"has-post-thumbnail","7":"category-inscricao","8":"category-oportunidades"},"_links":{"self":[{"href":"https:\/\/migracao.redenoticia.com.br\/noticia\/wp-json\/wp\/v2\/posts\/160254","targetHints":{"allow":["GET"]}}],"collection":[{"href":"https:\/\/migracao.redenoticia.com.br\/noticia\/wp-json\/wp\/v2\/posts"}],"about":[{"href":"https:\/\/migracao.redenoticia.com.br\/noticia\/wp-json\/wp\/v2\/types\/post"}],"author":[{"embeddable":true,"href":"https:\/\/migracao.redenoticia.com.br\/noticia\/wp-json\/wp\/v2\/users\/2"}],"replies":[{"embeddable":true,"href":"https:\/\/migracao.redenoticia.com.br\/noticia\/wp-json\/wp\/v2\/comments?post=160254"}],"version-history":[{"count":0,"href":"https:\/\/migracao.redenoticia.com.br\/noticia\/wp-json\/wp\/v2\/posts\/160254\/revisions"}],"wp:featuredmedia":[{"embeddable":true,"href":"https:\/\/migracao.redenoticia.com.br\/noticia\/wp-json\/wp\/v2\/media\/148568"}],"wp:attachment":[{"href":"https:\/\/migracao.redenoticia.com.br\/noticia\/wp-json\/wp\/v2\/media?parent=160254"}],"wp:term":[{"taxonomy":"category","embeddable":true,"href":"https:\/\/migracao.redenoticia.com.br\/noticia\/wp-json\/wp\/v2\/categories?post=160254"},{"taxonomy":"post_tag","embeddable":true,"href":"https:\/\/migracao.redenoticia.com.br\/noticia\/wp-json\/wp\/v2\/tags?post=160254"}],"curies":[{"name":"wp","href":"https:\/\/api.w.org\/{rel}","templated":true}]}}