{"id":16026,"date":"2009-11-03T15:22:02","date_gmt":"2009-11-03T19:22:02","guid":{"rendered":"http:\/\/www.redenoticia.com.br\/noticia\/?p=16026"},"modified":"2009-11-03T15:22:02","modified_gmt":"2009-11-03T19:22:02","slug":"brasil-sediara-congresso-mundial-de-gestao-de-residuos-solidos-em-2014-2","status":"publish","type":"post","link":"https:\/\/migracao.redenoticia.com.br\/noticia\/2009\/brasil-sediara-congresso-mundial-de-gestao-de-residuos-solidos-em-2014-2\/16026","title":{"rendered":"Brasil sediar\u00e1 Congresso Mundial de Gest\u00e3o de Res\u00edduos S\u00f3lidos em 2014"},"content":{"rendered":"<p>O Diretor Executivo da ABRELPE \u2013 Associa\u00e7\u00e3o Brasileira de Empresas de Limpeza P\u00fablica e Res\u00edduos Especiais, Carlos Silva Filho, acaba de chegar do Congresso Mundial promovido pela ISWA \u2013 International Solid Waste Association, o mais importante evento mundial de res\u00edduos s\u00f3lidos, onde junto ao Diretor da ISWA para a Am\u00e9rica Latina, Alberto Bianchini, conquistou para o Brasil o direito de realizar o evento em 2014. O Congresso desse ano aconteceu  em Lisboa, Portugal e foi guiado pelo tema \u201cTransformar Res\u00edduos em Ideias\u201d (Turning waste into ideas), pelo qual prop\u00f4s-se a discuss\u00e3o do futuro da gest\u00e3o de res\u00edduos onde os mesmos n\u00e3o mais ser\u00e3o admitidos como descartes, mas absorvidos e incorporados nos diversos processos produtivos.<br \/>\nPara Alberto Bianchini, Diretor para Am\u00e9rica Latina da entidade internacional, \u201ca escolha do Brasil para sediar um evento dessa magnitude  demonstra que estamos maduros para sediar as principais discuss\u00f5es sobre gest\u00e3o de res\u00edduos s\u00f3lidos, em que o mundo tem avan\u00e7ado e das quais n\u00e3o podemos ficar para tr\u00e1s\u201d.<br \/>\nCom rela\u00e7\u00e3o ao Congresso desse ano, para Carlos Silva Filho, &#8220;al\u00e9m da grande variedade de palestras, que inclu\u00edram temas como modelos de gest\u00e3o, solu\u00e7\u00f5es sustent\u00e1veis, financiamento no tratamento de res\u00edduos, legisla\u00e7\u00e3o, gera\u00e7\u00e3o de energia, mudan\u00e7as clim\u00e1ticas, entre outros, o evento reuniu profissionais de v\u00e1rias partes do mundo, incluindo mais de 30 delegados brasileiros, permitindo um importante networking entre os participantes e facilitando o interc\u00e2mbio de experi\u00eancias\u201d.<br \/>\nSilva Filho destaca que a participa\u00e7\u00e3o da ABRELPE, representante da ISWA no Brasil desde 1996, foi fundamental principalmente no sentido de levar aos participantes do evento informa\u00e7\u00f5es sobre a gest\u00e3o de res\u00edduos s\u00f3lidos no Brasil, por meio do documento Panorama dos Res\u00edduos S\u00f3lidos no Brasil 2008, produzido pela entidade.   &#8220;A falta de informa\u00e7\u00e3o sobre a gest\u00e3o de res\u00edduos s\u00f3lidos \u00e9 uma constante em alguns pa\u00edses, por isso o nosso documento, que \u00e9 produzido anualmente desde 20003, foi muito bem recebido por l\u00e1\u201d, afirmou.<br \/>\nO diretor destacou ainda que permitir o acesso a esse tipo de informa\u00e7\u00e3o possibilita cada vez mais que empresas, o governo e at\u00e9 mesmo a pr\u00f3pria popula\u00e7\u00e3o possa contribuir para que a sociedade caminhe rumo \u00e0 sustentabilidade. \u201cA mudan\u00e7a s\u00f3 \u00e9 poss\u00edvel quando podemos mensurar periodicamente nosso avan\u00e7o rumo a padr\u00f5es melhores. E o Panorama permite este acompanhamento ao levantar anualmente a quantidade de res\u00edduos s\u00f3lidos gerados no Pa\u00eds, o volume destinado corretamente e a parcela que ainda precisa ser adequada\u201d, revela Carlos.<\/p>\n<p>Ficha T\u00e9cnica<br \/>\nISWA  \u2013 International Solid Waste Association<br \/>\nwww.iswa.org<br \/>\nCongresso Mundial ISWA 2009<br \/>\nwww.iswa2009.org<br \/>\nPanorama dos Res\u00edduos S\u00f3lidos no Brasil 2008<br \/>\nDownload: http:\/\/www.abrelpe.org.br\/panorama_2008.php<\/p>\n","protected":false},"excerpt":{"rendered":"<p>O Diretor Executivo da ABRELPE \u2013 Associa\u00e7\u00e3o Brasileira de Empresas de Limpeza P\u00fablica e Res\u00edduos Especiais, Carlos Silva Filho, acaba de chegar do Congresso Mundial promovido pela ISWA \u2013 International Solid Waste Association, o mais importante evento mundial de res\u00edduos s\u00f3lidos, onde junto ao Diretor da ISWA para a Am\u00e9rica Latina, Alberto Bianchini, conquistou para [&hellip;]<\/p>\n","protected":false},"author":2,"featured_media":0,"comment_status":"open","ping_status":"open","sticky":false,"template":"","format":"standard","meta":{"tdm_status":"","tdm_grid_status":"","footnotes":""},"categories":[370,353],"tags":[],"class_list":{"0":"post-16026","1":"post","2":"type-post","3":"status-publish","4":"format-standard","6":"category-inscricao","7":"category-oportunidades"},"_links":{"self":[{"href":"https:\/\/migracao.redenoticia.com.br\/noticia\/wp-json\/wp\/v2\/posts\/16026","targetHints":{"allow":["GET"]}}],"collection":[{"href":"https:\/\/migracao.redenoticia.com.br\/noticia\/wp-json\/wp\/v2\/posts"}],"about":[{"href":"https:\/\/migracao.redenoticia.com.br\/noticia\/wp-json\/wp\/v2\/types\/post"}],"author":[{"embeddable":true,"href":"https:\/\/migracao.redenoticia.com.br\/noticia\/wp-json\/wp\/v2\/users\/2"}],"replies":[{"embeddable":true,"href":"https:\/\/migracao.redenoticia.com.br\/noticia\/wp-json\/wp\/v2\/comments?post=16026"}],"version-history":[{"count":0,"href":"https:\/\/migracao.redenoticia.com.br\/noticia\/wp-json\/wp\/v2\/posts\/16026\/revisions"}],"wp:attachment":[{"href":"https:\/\/migracao.redenoticia.com.br\/noticia\/wp-json\/wp\/v2\/media?parent=16026"}],"wp:term":[{"taxonomy":"category","embeddable":true,"href":"https:\/\/migracao.redenoticia.com.br\/noticia\/wp-json\/wp\/v2\/categories?post=16026"},{"taxonomy":"post_tag","embeddable":true,"href":"https:\/\/migracao.redenoticia.com.br\/noticia\/wp-json\/wp\/v2\/tags?post=16026"}],"curies":[{"name":"wp","href":"https:\/\/api.w.org\/{rel}","templated":true}]}}