{"id":160321,"date":"2018-11-29T15:43:46","date_gmt":"2018-11-29T17:43:46","guid":{"rendered":"https:\/\/www.redenoticia.com.br\/noticia\/?p=160321"},"modified":"2018-11-29T15:43:46","modified_gmt":"2018-11-29T17:43:46","slug":"resumo-novela-carrossel-30-11-valeria-resolve-falar-com-sr-morales","status":"publish","type":"post","link":"https:\/\/migracao.redenoticia.com.br\/noticia\/2018\/resumo-novela-carrossel-30-11-valeria-resolve-falar-com-sr-morales\/160321","title":{"rendered":"Resumo novela \u201cCarrossel\u201d 30\/11: Val\u00e9ria resolve falar com Sr. Morales"},"content":{"rendered":"<p> <img loading=\"lazy\" decoding=\"async\" class=\"alignleft size-thumbnail wp-image-148668\" src=\"https:\/\/migracao.redenoticia.com.br\/noticia\/imagens\/carrossel-150x112.jpg\" alt=\"\" width=\"150\" height=\"112\" srcset=\"https:\/\/migracao.redenoticia.com.br\/noticia\/imagens\/carrossel-150x112.jpg 150w, https:\/\/migracao.redenoticia.com.br\/noticia\/imagens\/carrossel-265x198.jpg 265w, https:\/\/migracao.redenoticia.com.br\/noticia\/imagens\/carrossel-485x360.jpg 485w\" sizes=\"auto, (max-width: 150px) 100vw, 150px\" \/><strong><em>Resumo novela \u201cCarrossel\u201d 30\/11 <\/em><\/strong>: no cap\u00edtulo 081(*) da novela \u201cCarrossel\u201d, sexta-feira, 30 de novembro, Val\u00e9ria entra escondida na sala da diretora Ol\u00edvia para pegar o endere\u00e7o do escrit\u00f3rio de Morales. A diretora entra na sala e quase flagra a menina, mas Val\u00e9ria consegue se esconder atr\u00e1s de uma c\u00f4moda. Mais tarde, Val\u00e9ria liga para Davi e pede para que ele a acompanhe at\u00e9 o escrit\u00f3rio de Morales. Davi desconversa e deixa Val\u00e9ria brava. <\/p>\n<p>Val\u00e9ria resolve ir at\u00e9 a casa de Jaime para pedir sua companhia. Ela conta seu plano para o menino, que aceita acompanh\u00e1-la. Os dois conversam para planejar como far\u00e3o para ir at\u00e9 o escrit\u00f3rio. Eloisa fica curiosa para saber o que Val\u00e9ria est\u00e1 conversando com Jaime.<\/p>\n<p>(*) edi\u00e7\u00e3o do SBT, Novela \u201cCarrossel\u201d, sujeito a altera\u00e7\u00e3o de data e conte\u00fado.<\/p>\n","protected":false},"excerpt":{"rendered":"<p>Resumo novela \u201cCarrossel\u201d 30\/11 : no cap\u00edtulo 081(*) da novela \u201cCarrossel\u201d, sexta-feira, 30 de novembro, Val\u00e9ria entra escondida na sala da diretora Ol\u00edvia para pegar o endere\u00e7o do escrit\u00f3rio de Morales. A diretora entra na sala e quase flagra a menina, mas Val\u00e9ria consegue se esconder atr\u00e1s de uma c\u00f4moda. Mais tarde, Val\u00e9ria liga para [&hellip;]<\/p>\n","protected":false},"author":2,"featured_media":148667,"comment_status":"open","ping_status":"closed","sticky":false,"template":"","format":"standard","meta":{"tdm_status":"","tdm_grid_status":"","footnotes":""},"categories":[503,379,372,343],"tags":[441],"class_list":{"0":"post-160321","1":"post","2":"type-post","3":"status-publish","4":"format-standard","5":"has-post-thumbnail","7":"category-carrossel","8":"category-novelas","9":"category-sbt","10":"category-televisao","11":"tag-resumo-do-dia"},"_links":{"self":[{"href":"https:\/\/migracao.redenoticia.com.br\/noticia\/wp-json\/wp\/v2\/posts\/160321","targetHints":{"allow":["GET"]}}],"collection":[{"href":"https:\/\/migracao.redenoticia.com.br\/noticia\/wp-json\/wp\/v2\/posts"}],"about":[{"href":"https:\/\/migracao.redenoticia.com.br\/noticia\/wp-json\/wp\/v2\/types\/post"}],"author":[{"embeddable":true,"href":"https:\/\/migracao.redenoticia.com.br\/noticia\/wp-json\/wp\/v2\/users\/2"}],"replies":[{"embeddable":true,"href":"https:\/\/migracao.redenoticia.com.br\/noticia\/wp-json\/wp\/v2\/comments?post=160321"}],"version-history":[{"count":0,"href":"https:\/\/migracao.redenoticia.com.br\/noticia\/wp-json\/wp\/v2\/posts\/160321\/revisions"}],"wp:featuredmedia":[{"embeddable":true,"href":"https:\/\/migracao.redenoticia.com.br\/noticia\/wp-json\/wp\/v2\/media\/148667"}],"wp:attachment":[{"href":"https:\/\/migracao.redenoticia.com.br\/noticia\/wp-json\/wp\/v2\/media?parent=160321"}],"wp:term":[{"taxonomy":"category","embeddable":true,"href":"https:\/\/migracao.redenoticia.com.br\/noticia\/wp-json\/wp\/v2\/categories?post=160321"},{"taxonomy":"post_tag","embeddable":true,"href":"https:\/\/migracao.redenoticia.com.br\/noticia\/wp-json\/wp\/v2\/tags?post=160321"}],"curies":[{"name":"wp","href":"https:\/\/api.w.org\/{rel}","templated":true}]}}