{"id":160433,"date":"2018-12-24T01:00:37","date_gmt":"2018-12-24T03:00:37","guid":{"rendered":"https:\/\/www.redenoticia.com.br\/noticia\/?p=160433"},"modified":"2018-12-24T14:10:08","modified_gmt":"2018-12-24T16:10:08","slug":"novela-o-setimo-guardiao-enquete-gabriel-deve-escolher-luz-ou-o-cargo-de-guardiao","status":"publish","type":"post","link":"https:\/\/migracao.redenoticia.com.br\/noticia\/2018\/novela-o-setimo-guardiao-enquete-gabriel-deve-escolher-luz-ou-o-cargo-de-guardiao\/160433","title":{"rendered":"Novela \u201cO S\u00e9timo Guardi\u00e3o\u201d enquete: Gabriel deve escolher Luz ou o cargo de Guardi\u00e3o"},"content":{"rendered":"<p><img loading=\"lazy\" decoding=\"async\" src=\"https:\/\/migracao.redenoticia.com.br\/noticia\/imagens\/o-setimo-guardiao-116-363x300.jpg\" alt=\"\" width=\"363\" height=\"300\" class=\"aligncenter size-large wp-image-154955\" srcset=\"https:\/\/migracao.redenoticia.com.br\/noticia\/imagens\/o-setimo-guardiao-116-363x300.jpg 363w, https:\/\/migracao.redenoticia.com.br\/noticia\/imagens\/o-setimo-guardiao-116-226x187.jpg 226w, https:\/\/migracao.redenoticia.com.br\/noticia\/imagens\/o-setimo-guardiao-116-150x124.jpg 150w, https:\/\/migracao.redenoticia.com.br\/noticia\/imagens\/o-setimo-guardiao-116.jpg 676w\" sizes=\"auto, (max-width: 363px) 100vw, 363px\" \/><strong><em>Novela &#8220;O S\u00e9timo Guardi\u00e3o\u201d enquete:<\/em><\/strong> Gabriel (Bruno Gagliasso) pede a m\u00e3o de Luz (Marina Ruy Barbosa) em casamento. Luz pede um tempo para pensar e Gabriel concorda: \u201cSe nada muda e nosso amor continua o mesmo, ent\u00e3o eu posso esperar. Tamb\u00e9m preciso de um tempo..Depois de tudo isso, voc\u00ea me d\u00e1 sua resposta. Que fique bem claro: eu n\u00e3o admito nada menos que um \u2018sim\u2019. Vamos casar, viver felizes para sempre e ter muitos filhos\u201d.<\/p>\n<p>Mas este \u00e9 um amor amaldi\u00e7oado por um segredo. Sempre por perto deles est\u00e1 o gato Le\u00f3n. A for\u00e7a do amor que o casal sente parece ser capaz de atravessar qualquer barreira. O que eles n\u00e3o imaginam, no entanto, \u00e9 que, al\u00e9m de Valentina (Lilia Cabral), a m\u00e3e de Gabriel, que tem outros planos para o filho, eles ter\u00e3o que lidar com um obst\u00e1culo ainda maior: ap\u00f3s a morte de Eg\u00eddio, Gabriel precisa escolher entre ficar com Luz ou assumir a miss\u00e3o que o levou a Serro Azul, de ser o novo guardi\u00e3o-mor e ajudar a proteger o segredo da fonte. O ocupante desse posto n\u00e3o pode se casar e o jovem se ver\u00e1 diante de um grande conflito. Participe da vota\u00e7\u00e3o na enquete: o que Gabriel deve escolher?<\/p>\n<p><script type=\"text\/javascript\" charset=\"utf-8\" data-cfasync=\"false\" src=\"https:\/\/secure.polldaddy.com\/p\/10179045.js\"><\/script><br \/>\n<noscript><a href=\"https:\/\/poll.fm\/10179045\">Novela \u201cO S\u00e9timo Guardi\u00e3o\u201d enquete: o que Gabriel deve escolher?<\/a><\/noscript><\/p>\n<p>Se voc\u00ea n\u00e3o est\u00e1 vendo a enquete clique no link &#8211; <a href=\"https:\/\/migracao.redenoticia.com.br\/noticia\/2018\/novela-o-setimo-guardiao-enquete-gabriel-deve-escolher-luz-ou-o-cargo-de-guardiao\/160433\">Gabriel deve escolher Luz ou o cargo de Guardi\u00e3o<\/a><\/p>\n<p>Sinopse \u201cO S\u00e9timo Guardi\u00e3o\u201d: \u00c0 primeira vista, Serro Azul pode parecer apenas mais uma t\u00edpica cidade do interior, pacata e cercada por montanhas, onde avan\u00e7os tecnol\u00f3gicos como internet e telefonia celular ainda n\u00e3o chegaram. Um lugar pelo qual quem passa n\u00e3o d\u00e1 muita aten\u00e7\u00e3o, sem saber o que est\u00e1 perdendo, afinal, uma cidade que \u00e9 vizinha de Greenville e Tubiancanga n\u00e3o poderia deixar de ter suas peculiaridades. A principal delas \u00e9 uma fonte com propriedades curativas e rejuvenescedoras, que \u00e9 a parte mais externa de um gigantesco aqu\u00edfero, uma enorme reserva daquilo que a cada dia se torna o bem mais precioso da Terra: a \u00e1gua. Essa fonte \u00e9 protegida por sete guardi\u00e3es que t\u00eam como miss\u00e3o garantir que essa riqueza n\u00e3o chegue \u00e0s m\u00e3os erradas.<\/p>\n","protected":false},"excerpt":{"rendered":"<p>Novela &#8220;O S\u00e9timo Guardi\u00e3o\u201d enquete: Gabriel (Bruno Gagliasso) pede a m\u00e3o de Luz (Marina Ruy Barbosa) em casamento. Luz pede um tempo para pensar e Gabriel concorda: \u201cSe nada muda e nosso amor continua o mesmo, ent\u00e3o eu posso esperar. Tamb\u00e9m preciso de um tempo..Depois de tudo isso, voc\u00ea me d\u00e1 sua resposta. Que fique [&hellip;]<\/p>\n","protected":false},"author":2,"featured_media":160187,"comment_status":"open","ping_status":"closed","sticky":false,"template":"","format":"standard","meta":{"tdm_status":"","tdm_grid_status":"","footnotes":""},"categories":[388,379,530,375,343],"tags":[521],"class_list":{"0":"post-160433","1":"post","2":"type-post","3":"status-publish","4":"format-standard","5":"has-post-thumbnail","7":"category-destaques","8":"category-novelas","9":"category-o-setimo-guardiao","10":"category-rede-globo","11":"category-televisao","12":"tag-enquete"},"_links":{"self":[{"href":"https:\/\/migracao.redenoticia.com.br\/noticia\/wp-json\/wp\/v2\/posts\/160433","targetHints":{"allow":["GET"]}}],"collection":[{"href":"https:\/\/migracao.redenoticia.com.br\/noticia\/wp-json\/wp\/v2\/posts"}],"about":[{"href":"https:\/\/migracao.redenoticia.com.br\/noticia\/wp-json\/wp\/v2\/types\/post"}],"author":[{"embeddable":true,"href":"https:\/\/migracao.redenoticia.com.br\/noticia\/wp-json\/wp\/v2\/users\/2"}],"replies":[{"embeddable":true,"href":"https:\/\/migracao.redenoticia.com.br\/noticia\/wp-json\/wp\/v2\/comments?post=160433"}],"version-history":[{"count":0,"href":"https:\/\/migracao.redenoticia.com.br\/noticia\/wp-json\/wp\/v2\/posts\/160433\/revisions"}],"wp:featuredmedia":[{"embeddable":true,"href":"https:\/\/migracao.redenoticia.com.br\/noticia\/wp-json\/wp\/v2\/media\/160187"}],"wp:attachment":[{"href":"https:\/\/migracao.redenoticia.com.br\/noticia\/wp-json\/wp\/v2\/media?parent=160433"}],"wp:term":[{"taxonomy":"category","embeddable":true,"href":"https:\/\/migracao.redenoticia.com.br\/noticia\/wp-json\/wp\/v2\/categories?post=160433"},{"taxonomy":"post_tag","embeddable":true,"href":"https:\/\/migracao.redenoticia.com.br\/noticia\/wp-json\/wp\/v2\/tags?post=160433"}],"curies":[{"name":"wp","href":"https:\/\/api.w.org\/{rel}","templated":true}]}}