{"id":16049,"date":"2009-11-03T16:13:13","date_gmt":"2009-11-03T20:13:13","guid":{"rendered":"http:\/\/www.redenoticia.com.br\/noticia\/?p=16049"},"modified":"2009-11-03T16:13:13","modified_gmt":"2009-11-03T20:13:13","slug":"no-tnt-filme%c2%ae-carlos-alberto-riccelli-e-bruna-lombardi-contam-segredos-da-parceria-na-vida-na-tv-e-no-cinema","status":"publish","type":"post","link":"https:\/\/migracao.redenoticia.com.br\/noticia\/2009\/no-tnt-filme%c2%ae-carlos-alberto-riccelli-e-bruna-lombardi-contam-segredos-da-parceria-na-vida-na-tv-e-no-cinema\/16049","title":{"rendered":"No TNT + FILME\u00ae, Carlos Alberto Riccelli e Bruna Lombardi contam segredos da parceria na vida, na TV e no cinema"},"content":{"rendered":"<p>No Brasil, basta falar em par rom\u00e2ntico para lembrar logo de cara de <strong>Bruna Lombardi <\/strong>e <strong>Carlos Alberto Riccelli<\/strong>. Juntos h\u00e1 mais de trinta anos, eles est\u00e3o entre os entrevistados desta edi\u00e7\u00e3o do <strong>TNT+FILME\u00ae.<\/strong> O casal de atores fala um pouco sobre a bem-sucedida parceria nas telinhas e telonas &#8211; como no recente &#8220;O Signo da Cidade&#8221;, dirigido por ele, estrelado e roteirizado por ela &#8211; e tamb\u00e9m sobre como a S\u00e9tima Arte marcou suas vidas. A equa\u00e7\u00e3o deste epis\u00f3dio ser\u00e1 completada ainda por um perfil da sexy atriz Angelina Jolie e por uma entrevista com Klever Kolberg, veterano piloto que j\u00e1 participou mais de vinte vezes do circuito Paris-Dakar. Consegue adivinhar qual \u00e9 o filme?<\/p>\n<p>O sexto epis\u00f3dio do TNT+FILME\u00ae vai ao ar na pr\u00f3xima ter\u00e7a-feira, dia 10 de novembro, a partir das 19h50 *.<\/p>\n<p>Produ\u00e7\u00e3o original da TNT, a revista eletr\u00f4nica TNT+FILME\u00ae \u00e9 apresentada pela atriz Virginia Cavendish e pelo cr\u00edtico de cinema Rubens Ewald Filho. Usando reportagens, entrevistas com celebridades, trechos de filmes e cenas de bastidores, Virginia vai apresentando pistas da equa\u00e7\u00e3o final para que os espectadores tentem adivinhar qual \u00e9 o filme-tema da vez. Ao final, Rubens, considerado uma enciclop\u00e9dia viva do cinema, faz suas considera\u00e7\u00f5es e apresenta a resposta.<\/p>\n<p>*Hor\u00e1rio de Bras\u00edlia. Programa\u00e7\u00e3o sujeita a altera\u00e7\u00f5es sem aviso pr\u00e9vio.<\/p>\n<p>TNT \u00e9 uma das redes de TV por assinatura l\u00edderes na Am\u00e9rica Latina e Caribe. Em sua programa\u00e7\u00e3o, oferece os mais recentes sucessos de bilheteria produzidos em Hollywood, eventos especiais como a entrega dos pr\u00eamios ACADEMY AWARDS\u00d2 e o GRAMMYs\u00d2Latino, shows com os artistas mais famosos do momento e produ\u00e7\u00f5es originais, como PROJETO 48\u00ae e DIRETORES LATINOS\u00ae. Transmitida em tr\u00eas idiomas (portugu\u00eas, espanhol e ingl\u00eas), a TNT possui cinco sinais de sat\u00e9lite, cobrindo as seguintes \u00e1reas: Brasil, Argentina, M\u00e9xico, Venezuela e o restante da Am\u00e9rica Latina e Caribe. A TNT est\u00e1 dispon\u00edvel para, aproximadamente, tr\u00eas milh\u00f5es de assinantes no Brasil e alcan\u00e7a mais de 29 milh\u00f5es de domic\u00edlios na Am\u00e9rica Latina, o que a torna um dos canais com maior distribui\u00e7\u00e3o na regi\u00e3o. www.TNT.com.br.<\/p>\n","protected":false},"excerpt":{"rendered":"<p>No Brasil, basta falar em par rom\u00e2ntico para lembrar logo de cara de Bruna Lombardi e Carlos Alberto Riccelli. Juntos h\u00e1 mais de trinta anos, eles est\u00e3o entre os entrevistados desta edi\u00e7\u00e3o do TNT+FILME\u00ae. O casal de atores fala um pouco sobre a bem-sucedida parceria nas telinhas e telonas &#8211; como no recente &#8220;O Signo [&hellip;]<\/p>\n","protected":false},"author":3,"featured_media":0,"comment_status":"open","ping_status":"open","sticky":false,"template":"","format":"standard","meta":{"tdm_status":"","tdm_grid_status":"","footnotes":""},"categories":[343],"tags":[],"class_list":{"0":"post-16049","1":"post","2":"type-post","3":"status-publish","4":"format-standard","6":"category-televisao"},"_links":{"self":[{"href":"https:\/\/migracao.redenoticia.com.br\/noticia\/wp-json\/wp\/v2\/posts\/16049","targetHints":{"allow":["GET"]}}],"collection":[{"href":"https:\/\/migracao.redenoticia.com.br\/noticia\/wp-json\/wp\/v2\/posts"}],"about":[{"href":"https:\/\/migracao.redenoticia.com.br\/noticia\/wp-json\/wp\/v2\/types\/post"}],"author":[{"embeddable":true,"href":"https:\/\/migracao.redenoticia.com.br\/noticia\/wp-json\/wp\/v2\/users\/3"}],"replies":[{"embeddable":true,"href":"https:\/\/migracao.redenoticia.com.br\/noticia\/wp-json\/wp\/v2\/comments?post=16049"}],"version-history":[{"count":0,"href":"https:\/\/migracao.redenoticia.com.br\/noticia\/wp-json\/wp\/v2\/posts\/16049\/revisions"}],"wp:attachment":[{"href":"https:\/\/migracao.redenoticia.com.br\/noticia\/wp-json\/wp\/v2\/media?parent=16049"}],"wp:term":[{"taxonomy":"category","embeddable":true,"href":"https:\/\/migracao.redenoticia.com.br\/noticia\/wp-json\/wp\/v2\/categories?post=16049"},{"taxonomy":"post_tag","embeddable":true,"href":"https:\/\/migracao.redenoticia.com.br\/noticia\/wp-json\/wp\/v2\/tags?post=16049"}],"curies":[{"name":"wp","href":"https:\/\/api.w.org\/{rel}","templated":true}]}}