{"id":16051,"date":"2009-11-03T16:12:05","date_gmt":"2009-11-03T20:12:05","guid":{"rendered":"http:\/\/www.redenoticia.com.br\/noticia\/?p=16051"},"modified":"2009-11-17T22:44:14","modified_gmt":"2009-11-18T02:44:14","slug":"jair-rodrigues-faz-visita-especial-a-mansao-de-idolos-e-canta-com-finalistas","status":"publish","type":"post","link":"https:\/\/migracao.redenoticia.com.br\/noticia\/2009\/jair-rodrigues-faz-visita-especial-a-mansao-de-idolos-e-canta-com-finalistas\/16051","title":{"rendered":"Jair Rodrigues faz visita especial \u00e0 mans\u00e3o de \u00cdDOLOS e canta com finalistas"},"content":{"rendered":"<p><a href=\"https:\/\/migracao.redenoticia.com.br\/noticia\/imagens\/\/idolos-t.jpg\"><img loading=\"lazy\" decoding=\"async\" class=\"alignleft size-full wp-image-16053\" title=\"idolos t\" src=\"https:\/\/migracao.redenoticia.com.br\/noticia\/imagens\/\/idolos-t.jpg\" alt=\"idolos t\" width=\"150\" height=\"113\" srcset=\"https:\/\/migracao.redenoticia.com.br\/noticia\/imagens\/idolos-t.jpg 150w, https:\/\/migracao.redenoticia.com.br\/noticia\/imagens\/idolos-t-148x112.jpg 148w\" sizes=\"auto, (max-width: 150px) 100vw, 150px\" \/><\/a>O cantor <strong>Jair Rodrigues<\/strong> fez uma visita especial aos 9 finalistas que est\u00e3o &#8220;concentrados&#8221; na Mans\u00e3o <strong>\u00cdDOLOS<\/strong>. A chegada do cantor e compositor animou os candidatos. Ele contou hist\u00f3rias da \u00e9poca dos festivais, de sua amizade com Elis Regina e os participantes do programa tamb\u00e9m aproveitaram a oportunidade para fazer v\u00e1rias perguntas ao convidado. O clima foi de pura descontra\u00e7\u00e3o e muita simpatia. Jair n\u00e3o resistiu e tocou o grande piano da sala. Sucessos como &#8220;Disparada&#8221;, &#8220;Majestade o Sabi\u00e1&#8221; e &#8220;Deixa isso pra l\u00e1&#8221; fizeram parte do repert\u00f3rio. Esse encontro de gera\u00e7\u00f5es da m\u00fasica ser\u00e1 exibido no programa \u00cdDOLOS de hoje \u00e0 noite, dia 03, a partir das 23h.<\/p>\n<p>E no palco da atra\u00e7\u00e3o, os finalistas ter\u00e3o como tema m\u00fasicas &#8220;dor de cotovelo&#8221;.<\/p>\n<p>\u00cdDOLOS est\u00e1 exibindo a \u00faltima etapa da competi\u00e7\u00e3o, os Concertos. Um participante \u00e9 eliminado a cada semana, sempre \u00e0s quartas-feiras, por decis\u00e3o do p\u00fablico via SMS e Portal de Voz. Por enquanto, 9 candidatos continuam na disputa.<\/p>\n<p>\u00cdDOLOS \u00e9 apresentado por Rodrigo Faro, sob dire\u00e7\u00e3o geral de Wanderley Villa Nova e dire\u00e7\u00e3o art\u00edstica de Fernanda Telles. A atra\u00e7\u00e3o \u00e9 exibida \u00e0s ter\u00e7as e quartas, a partir das 23h, na tela da Record.<\/p>\n","protected":false},"excerpt":{"rendered":"<p>O cantor Jair Rodrigues fez uma visita especial aos 9 finalistas que est\u00e3o &#8220;concentrados&#8221; na Mans\u00e3o \u00cdDOLOS. A chegada do cantor e compositor animou os candidatos. Ele contou hist\u00f3rias da \u00e9poca dos festivais, de sua amizade com Elis Regina e os participantes do programa tamb\u00e9m aproveitaram a oportunidade para fazer v\u00e1rias perguntas ao convidado. O [&hellip;]<\/p>\n","protected":false},"author":3,"featured_media":0,"comment_status":"open","ping_status":"open","sticky":false,"template":"","format":"standard","meta":{"tdm_status":"","tdm_grid_status":"","footnotes":""},"categories":[371,343],"tags":[],"class_list":{"0":"post-16051","1":"post","2":"type-post","3":"status-publish","4":"format-standard","6":"category-rede-record","7":"category-televisao"},"_links":{"self":[{"href":"https:\/\/migracao.redenoticia.com.br\/noticia\/wp-json\/wp\/v2\/posts\/16051","targetHints":{"allow":["GET"]}}],"collection":[{"href":"https:\/\/migracao.redenoticia.com.br\/noticia\/wp-json\/wp\/v2\/posts"}],"about":[{"href":"https:\/\/migracao.redenoticia.com.br\/noticia\/wp-json\/wp\/v2\/types\/post"}],"author":[{"embeddable":true,"href":"https:\/\/migracao.redenoticia.com.br\/noticia\/wp-json\/wp\/v2\/users\/3"}],"replies":[{"embeddable":true,"href":"https:\/\/migracao.redenoticia.com.br\/noticia\/wp-json\/wp\/v2\/comments?post=16051"}],"version-history":[{"count":0,"href":"https:\/\/migracao.redenoticia.com.br\/noticia\/wp-json\/wp\/v2\/posts\/16051\/revisions"}],"wp:attachment":[{"href":"https:\/\/migracao.redenoticia.com.br\/noticia\/wp-json\/wp\/v2\/media?parent=16051"}],"wp:term":[{"taxonomy":"category","embeddable":true,"href":"https:\/\/migracao.redenoticia.com.br\/noticia\/wp-json\/wp\/v2\/categories?post=16051"},{"taxonomy":"post_tag","embeddable":true,"href":"https:\/\/migracao.redenoticia.com.br\/noticia\/wp-json\/wp\/v2\/tags?post=16051"}],"curies":[{"name":"wp","href":"https:\/\/api.w.org\/{rel}","templated":true}]}}