{"id":16055,"date":"2009-11-03T16:10:29","date_gmt":"2009-11-03T20:10:29","guid":{"rendered":"http:\/\/www.redenoticia.com.br\/noticia\/?p=16055"},"modified":"2009-11-05T21:27:58","modified_gmt":"2009-11-06T01:27:58","slug":"tv-cultura-participa-de-encontro-internacional-que-discute-marketing-infantil","status":"publish","type":"post","link":"https:\/\/migracao.redenoticia.com.br\/noticia\/2009\/tv-cultura-participa-de-encontro-internacional-que-discute-marketing-infantil\/16055","title":{"rendered":"TV Cultura participa de encontro internacional que discute marketing infantil"},"content":{"rendered":"<p>Nesta quinta-feira (5\/11), a <strong>TV Cultura<\/strong> participa da <strong>I Confer\u00eancia Internacional de Marketing Infantil <\/strong>(I CIMI), que ser\u00e1 realizada no audit\u00f3rio da Faculdade de Arquitetura da Universidade de S\u00e3o Paulo (FAU\/USP), entre 9h e 18h. Rafael Gioielli, gerente de marketing da emissora, ao lado de representantes do mercado publicit\u00e1rio, pesquisadores, empres\u00e1rios, especialistas do Brasil e do exterior, fala sobre a rela\u00e7\u00e3o entre consumo infantil, meios de comunica\u00e7\u00e3o e fabricantes de produtos para esse segmento de p\u00fablico.<\/p>\n<p>Pautam o encontro as novas e poss\u00edveis restri\u00e7\u00f5es de comunica\u00e7\u00e3o focando crian\u00e7as e adolescentes, como a do projeto de lei que tramita na C\u00e2mara dos Deputados e que prev\u00ea a proibi\u00e7\u00e3o da publicidade infantil para crian\u00e7as de at\u00e9 12 anos. Tamb\u00e9m entra no debate a readapta\u00e7\u00e3o dos fabricantes, anunciantes e ve\u00edculos de comunica\u00e7\u00e3o frente a determina\u00e7\u00f5es como essa.<\/p>\n<p>A I CIMI \u2013 evento que come\u00e7a na quarta (4\/11) e vai at\u00e9 sexta-feira (6\/11) &#8211; pretende aprofundar a discuss\u00e3o sobre o marketing dirigido \u00e0s crian\u00e7as e adolescentes sob os pontos de vista \u00e9tico, legal, educacional e mercadol\u00f3gico. Palestrantes estrangeiros participam trazendo experi\u00eancias de pa\u00edses que j\u00e1 passaram por processos de regulamenta\u00e7\u00e3o relacionados ao marketing infantil.<\/p>\n","protected":false},"excerpt":{"rendered":"<p>Nesta quinta-feira (5\/11), a TV Cultura participa da I Confer\u00eancia Internacional de Marketing Infantil (I CIMI), que ser\u00e1 realizada no audit\u00f3rio da Faculdade de Arquitetura da Universidade de S\u00e3o Paulo (FAU\/USP), entre 9h e 18h. Rafael Gioielli, gerente de marketing da emissora, ao lado de representantes do mercado publicit\u00e1rio, pesquisadores, empres\u00e1rios, especialistas do Brasil e [&hellip;]<\/p>\n","protected":false},"author":3,"featured_media":0,"comment_status":"open","ping_status":"open","sticky":false,"template":"","format":"standard","meta":{"tdm_status":"","tdm_grid_status":"","footnotes":""},"categories":[343],"tags":[],"class_list":{"0":"post-16055","1":"post","2":"type-post","3":"status-publish","4":"format-standard","6":"category-televisao"},"_links":{"self":[{"href":"https:\/\/migracao.redenoticia.com.br\/noticia\/wp-json\/wp\/v2\/posts\/16055","targetHints":{"allow":["GET"]}}],"collection":[{"href":"https:\/\/migracao.redenoticia.com.br\/noticia\/wp-json\/wp\/v2\/posts"}],"about":[{"href":"https:\/\/migracao.redenoticia.com.br\/noticia\/wp-json\/wp\/v2\/types\/post"}],"author":[{"embeddable":true,"href":"https:\/\/migracao.redenoticia.com.br\/noticia\/wp-json\/wp\/v2\/users\/3"}],"replies":[{"embeddable":true,"href":"https:\/\/migracao.redenoticia.com.br\/noticia\/wp-json\/wp\/v2\/comments?post=16055"}],"version-history":[{"count":0,"href":"https:\/\/migracao.redenoticia.com.br\/noticia\/wp-json\/wp\/v2\/posts\/16055\/revisions"}],"wp:attachment":[{"href":"https:\/\/migracao.redenoticia.com.br\/noticia\/wp-json\/wp\/v2\/media?parent=16055"}],"wp:term":[{"taxonomy":"category","embeddable":true,"href":"https:\/\/migracao.redenoticia.com.br\/noticia\/wp-json\/wp\/v2\/categories?post=16055"},{"taxonomy":"post_tag","embeddable":true,"href":"https:\/\/migracao.redenoticia.com.br\/noticia\/wp-json\/wp\/v2\/tags?post=16055"}],"curies":[{"name":"wp","href":"https:\/\/api.w.org\/{rel}","templated":true}]}}