{"id":160792,"date":"2018-12-05T00:17:48","date_gmt":"2018-12-05T02:17:48","guid":{"rendered":"https:\/\/www.redenoticia.com.br\/noticia\/?p=160792"},"modified":"2018-12-18T16:46:59","modified_gmt":"2018-12-18T18:46:59","slug":"a-fazenda-10-conectada-votacao-em-felipe-e-joao-movimenta-a-enquete","status":"publish","type":"post","link":"https:\/\/migracao.redenoticia.com.br\/noticia\/2018\/a-fazenda-10-conectada-votacao-em-felipe-e-joao-movimenta-a-enquete\/160792","title":{"rendered":"&#8220;A Fazenda&#8221; 10 + Conectada: vota\u00e7\u00e3o em Felipe e Jo\u00e3o movimentou a enquete"},"content":{"rendered":"<p> <strong><em>\u201cA Fazenda\u201d forma\u00e7\u00e3o da ro\u00e7a e vota\u00e7\u00e3o na enquete:<\/em><\/strong> Quem deve continuar em &#8220;A Fazenda&#8221;? Jo\u00e3o recebeu 70,58% dos votos do p\u00fablico e continua no jogo. Felipe se despediu de &#8220;A Fazenda&#8221; 2018. A d\u00e9cima primeira ro\u00e7a desta edi\u00e7\u00e3o come\u00e7ou na noite desta segunda-feira, 03\/12, quando o apresentador Marcos Mion chamou os pe\u00f5es para a \u00e1rea de vota\u00e7\u00e3o. Rafael abriu o Lampi\u00e3o, pegou o poder e ganhou imunidade. O Fazendeiro Ca\u00edque indicou Jo\u00e3o para a ro\u00e7a.<\/p>\n<p>Destaques: <a href=\"https:\/\/migracao.redenoticia.com.br\/noticia\/2018\/a-fazenda-10-2018-enquete-qual-peao-merece-vencer-esta-temporada\/159250\">qual pe\u00e3o merece vencer esta temporada?<\/a><br \/>\n<a href=\"https:\/\/migracao.redenoticia.com.br\/noticia\/2018\/a-fazenda-10-conectada-votacao-final-movimenta-a-enquete\/161544\">&#8220;A Fazenda&#8221; 10 + Conectada: vota\u00e7\u00e3o final movimenta a enquete<\/a><\/p>\n<p>Os pe\u00f5es apresentaram seus votos nos concorrentes da sede: Jo\u00e3o votou no Evandro. Rafael e Evandro votaram no Felipe, que votou no Evandro. Ca\u00edque desempatou e mandou Felipe para a ro\u00e7a.<\/p>\n<p>O apresentador Marcos Mion anunciou que a ro\u00e7a desta semana \u00e9 formada por apenas dois pe\u00f5es, e que n\u00e3o tem mais prova do Fazendeiro. Felipe e Jo\u00e3o disputaram a prefer\u00eancia do p\u00fablico nesta ter\u00e7a, 04\/12, para continuarem em &#8220;A Fazenda&#8221;. <\/p>\n<p><script type=\"text\/javascript\" charset=\"utf-8\" data-cfasync=\"false\" src=\"https:\/\/secure.polldaddy.com\/p\/10181776.js\"><\/script><br \/>\n<noscript><a href=\"https:\/\/poll.fm\/10181776\">Entre Felipe e Jo\u00e3o, quem deve continuar em &#8220;A Fazenda&#8221;?<\/a><\/noscript><\/p>\n<p>Se voc\u00ea n\u00e3o est\u00e1 vendo a enquete &#8220;A Fazenda&#8221; 10, clique no link &#8211; <a href=\"https:\/\/migracao.redenoticia.com.br\/noticia\/2018\/a-fazenda-10-conectada-votacao-em-felipe-e-joao-movimenta-a-enquete\/160792\">vota\u00e7\u00e3o em Felipe e Jo\u00e3o movimenta a enquete<\/a><\/p>\n<p>Resultado Parcial<br \/>\n04\/12 00h13 &#8211; Jo\u00e3o 54,31%; Felipe 45,69%.<br \/>\n04\/12 11h49 &#8211; Jo\u00e3o 63,92%; Felipe 36,08%. Total de Votos 4.668.<br \/>\n04\/12 22h56 &#8211; Jo\u00e3o 63,22%; Felipe 36,78%. Total de Votos 7.450.<\/p>\n<p>O voto v\u00e1lido foi registrado no portal oficial do programa <a href=\"http:\/\/afazenda.r7.com\/a-fazenda-10\">&#8220;A Fazenda\u201d 10 + Conectada<\/a> Rede Record.<\/p>\n<p>&#8212;<\/p>\n<p>Pe\u00f5es &#8220;A Fazenda&#8221; 10 + Conectada<\/p>\n<p>Equipe \u00c1gua &#8211; Ca\u00edque Aguiar. Leo Stronda, Luane Dias; Gabi Prado; Fernanda Lacerda; Perlla; Ana Paula Renault e Nadja Pessoa foram eliminadas do jogo.<\/p>\n<p>Equipe Terra &#8211; Rafael Ilha; Evandro Santo; Felipe Sertanejo e Jo\u00e3o Zoli. C\u00e1tia Paganote, Sandro Pedroso, Alo\u00edsio Chulapa e Vida Vlatt foram eliminados do jogo.<\/p>\n<p>Rede Record &#8220;A Fazenda&#8221; 10 + Conectada<\/p>\n<p>&#8212;<br \/>\nA produ\u00e7\u00e3o da Record junto com a produtora Cygnus estabeleceu o calend\u00e1rio de trabalhos desta temporada de &#8220;A Fazenda&#8221;: a atra\u00e7\u00e3o come\u00e7ar\u00e1 a semana com a Forma\u00e7\u00e3o da Ro\u00e7a, na qual um roceiro ser\u00e1 indicado pelo Fazendeiro, o segundo pelo participante mais votado da sede e o terceiro, escolhido pela segunda pessoa que estiver na ro\u00e7a, que ter\u00e1 o direito de indicar algu\u00e9m da Baia.<\/p>\n<p>No lugar da Prova da Chave, entra a Prova do Fogo, na qual o vencedor adquire poderes especiais para si e para um outro pe\u00e3o.<\/p>\n<p>Na ter\u00e7a-feira, ser\u00e1 o dia da Prova do Fazendeiro, na qual os tr\u00eas roceiros entram na disputa. O Fazendeiro dar\u00e1 as ordens na casa, ganha imunidade por mais uma semana, escapa da Ro\u00e7a e ainda indica um pe\u00e3o na semana seguinte.<\/p>\n<p>Na quarta, ser\u00e3o exibidos os Melhores Momentos do dia, enquanto a quinta-feira ser\u00e1 dia de Elimina\u00e7\u00e3o. Sextas-feiras ter\u00e3o a Prova de Fogo com os membros indicados de cada grupo, no s\u00e1bado eles se divertem na Festa e no domingo, haver\u00e1 uma Atividade Especial.<\/p>\n","protected":false},"excerpt":{"rendered":"<p>\u201cA Fazenda\u201d forma\u00e7\u00e3o da ro\u00e7a e vota\u00e7\u00e3o na enquete: Quem deve continuar em &#8220;A Fazenda&#8221;? Jo\u00e3o recebeu 70,58% dos votos do p\u00fablico e continua no jogo. Felipe se despediu de &#8220;A Fazenda&#8221; 2018. A d\u00e9cima primeira ro\u00e7a desta edi\u00e7\u00e3o come\u00e7ou na noite desta segunda-feira, 03\/12, quando o apresentador Marcos Mion chamou os pe\u00f5es para a [&hellip;]<\/p>\n","protected":false},"author":2,"featured_media":152827,"comment_status":"open","ping_status":"closed","sticky":false,"template":"","format":"standard","meta":{"tdm_status":"","tdm_grid_status":"","footnotes":""},"categories":[406,388,371,343],"tags":[521],"class_list":{"0":"post-160792","1":"post","2":"type-post","3":"status-publish","4":"format-standard","5":"has-post-thumbnail","7":"category-a-fazenda","8":"category-destaques","9":"category-rede-record","10":"category-televisao","11":"tag-enquete"},"_links":{"self":[{"href":"https:\/\/migracao.redenoticia.com.br\/noticia\/wp-json\/wp\/v2\/posts\/160792","targetHints":{"allow":["GET"]}}],"collection":[{"href":"https:\/\/migracao.redenoticia.com.br\/noticia\/wp-json\/wp\/v2\/posts"}],"about":[{"href":"https:\/\/migracao.redenoticia.com.br\/noticia\/wp-json\/wp\/v2\/types\/post"}],"author":[{"embeddable":true,"href":"https:\/\/migracao.redenoticia.com.br\/noticia\/wp-json\/wp\/v2\/users\/2"}],"replies":[{"embeddable":true,"href":"https:\/\/migracao.redenoticia.com.br\/noticia\/wp-json\/wp\/v2\/comments?post=160792"}],"version-history":[{"count":0,"href":"https:\/\/migracao.redenoticia.com.br\/noticia\/wp-json\/wp\/v2\/posts\/160792\/revisions"}],"wp:featuredmedia":[{"embeddable":true,"href":"https:\/\/migracao.redenoticia.com.br\/noticia\/wp-json\/wp\/v2\/media\/152827"}],"wp:attachment":[{"href":"https:\/\/migracao.redenoticia.com.br\/noticia\/wp-json\/wp\/v2\/media?parent=160792"}],"wp:term":[{"taxonomy":"category","embeddable":true,"href":"https:\/\/migracao.redenoticia.com.br\/noticia\/wp-json\/wp\/v2\/categories?post=160792"},{"taxonomy":"post_tag","embeddable":true,"href":"https:\/\/migracao.redenoticia.com.br\/noticia\/wp-json\/wp\/v2\/tags?post=160792"}],"curies":[{"name":"wp","href":"https:\/\/api.w.org\/{rel}","templated":true}]}}