{"id":1608,"date":"2009-05-13T22:57:26","date_gmt":"2009-05-14T02:57:26","guid":{"rendered":"http:\/\/www.redenoticia.com.br\/noticia\/?p=1608"},"modified":"2009-05-13T22:57:26","modified_gmt":"2009-05-14T02:57:26","slug":"camara-aprova-mp-que-regulariza-propriedades-na-amazonia-legal","status":"publish","type":"post","link":"https:\/\/migracao.redenoticia.com.br\/noticia\/2009\/camara-aprova-mp-que-regulariza-propriedades-na-amazonia-legal\/1608","title":{"rendered":"C\u00e2mara aprova MP que regulariza propriedades na Amaz\u00f4nia Legal"},"content":{"rendered":"<p><a href=\"https:\/\/migracao.redenoticia.com.br\/noticia\/imagens\/\/amazonia.jpg\"><img loading=\"lazy\" decoding=\"async\" class=\"alignleft size-thumbnail wp-image-1607\" title=\"amazonia\" src=\"https:\/\/migracao.redenoticia.com.br\/noticia\/imagens\/\/amazonia-149x112.jpg\" alt=\"amazonia\" width=\"149\" height=\"112\" \/><\/a>A C\u00e2mara dos Deputados aprovou na noite de hoje (13) a medida provis\u00f3ria 458, que permite \u00e0 Uni\u00e3o transferir, sem licita\u00e7\u00e3o, terrenos de sua propriedade, de at\u00e9 1,5 mil hectares, aos ocupantes das \u00e1reas\u00a0 na Amaz\u00f4nia Legal. Para ter direito a receber esses terrenos, o ocupante dever\u00e1 comprovar que j\u00e1 morava na \u00e1rea antes de 1\u00b0 de dezembro de 2004.<\/p>\n<p class=\"MsoNormal\"><span style=\"font-family: Arial;\"><br \/>\nA MP, segundo o seu relator, deputado Asdrubal Bentes (PMDB-PA), vai beneficiar cerca de 1,2 milh\u00e3o de pessoas, em 400 mil propriedades. O texto original da MP previa legalizar cerca de 300 mil propriedades, mas com as mudan\u00e7as propostas pelo relaotr esse n\u00famero aumentou em torno de 100 mil propriedades.<\/p>\n<p>Entre as mudan\u00e7as propostas pelo deputado Asdrubal Bentes e aprovadas pelo plen\u00e1rio da C\u00e2mara est\u00e3o a permiss\u00e3o para que pessoas jur\u00eddicas e servidores p\u00fablicos, que j\u00e1 ocupam as \u00e1reas, possam receber o titulo de propriedade do terreno. No caso dos servidores p\u00fablicos, est\u00e3o exclu\u00eddos os que trabalham no Minist\u00e9rio do Desenvolvimento Agr\u00e1rio, no Instituto Nacional de Coloniza\u00e7\u00e3o e Reforma Agr\u00e1ria (Incra) e em \u00f3rg\u00e3os estaduais e municipais envolvidos com a quest\u00e3o agr\u00e1ria.<\/p>\n<p>O relator tamb\u00e9m alterou o texto do governo e estabeleceu que a recupera\u00e7\u00e3o das \u00e1reas com o reflorestamento obedecer\u00e1 \u00e0 Lei Ambiental, que prev\u00ea at\u00e9 30 anos para essa recupera\u00e7\u00e3o. O texto do governo estabelecia dez anos para o reflorestamento. Asdrubal Bentes fez mudan\u00e7as para aperfei\u00e7oar o texto. \u201cDiminu\u00edmos sensivelmente as exig\u00eancias para que os ocupantes das \u00e1reas legalizem suas posses\u201d.<\/p>\n<p>Na quest\u00e3o das terras urbanas, o relator disse que o texto estabelece que a Uni\u00e3o far\u00e1 doa\u00e7\u00f5es aos munic\u00edpios das \u00e1reas destinadas \u00e0s sedes dos munic\u00edpios e n\u00e3o no sistema de concess\u00e3o. A MP vai \u00a0permitir a legaliza\u00e7\u00e3o de propriedades nos nove estados da Amaz\u00f4nia Legal.<\/p>\n<p>Em rela\u00e7\u00e3o ao pagamento da propriedade, o relator informou que os t\u00edtulos de 400 a 1,5 mil hectares ter\u00e3o pre\u00e7o de mercado da terra limpa, t\u00edtulos de 100 a 400 hectares ter\u00e3o pre\u00e7o simb\u00f3lico \u00a0e de at\u00e9 100 hectares ter\u00e3o pagamento zero.<\/p>\n<p>Os deputados est\u00e3o votando agora os destaques que visam alterar o texto do relator. Conclu\u00edda a vota\u00e7\u00e3o dos destaques a medida provis\u00f3ria segue \u00e0 aprecia\u00e7\u00e3o do Senado Federal.<\/span><\/p>\n<p class=\"MsoNormal\" style=\"margin-bottom: 12pt;\"><span style=\"font-family: Arial;\">Iolando Louren\u00e7o<br \/>\n<em>Rep\u00f3rter da Ag\u00eancia Brasil<\/em> <\/span><\/p>\n","protected":false},"excerpt":{"rendered":"<p>A C\u00e2mara dos Deputados aprovou na noite de hoje (13) a medida provis\u00f3ria 458, que permite \u00e0 Uni\u00e3o transferir, sem licita\u00e7\u00e3o, terrenos de sua propriedade, de at\u00e9 1,5 mil hectares, aos ocupantes das \u00e1reas\u00a0 na Amaz\u00f4nia Legal. Para ter direito a receber esses terrenos, o ocupante dever\u00e1 comprovar que j\u00e1 morava na \u00e1rea antes de [&hellip;]<\/p>\n","protected":false},"author":3,"featured_media":0,"comment_status":"open","ping_status":"open","sticky":false,"template":"","format":"standard","meta":{"tdm_status":"","tdm_grid_status":"","footnotes":""},"categories":[22],"tags":[],"class_list":{"0":"post-1608","1":"post","2":"type-post","3":"status-publish","4":"format-standard","6":"category-brasil"},"_links":{"self":[{"href":"https:\/\/migracao.redenoticia.com.br\/noticia\/wp-json\/wp\/v2\/posts\/1608","targetHints":{"allow":["GET"]}}],"collection":[{"href":"https:\/\/migracao.redenoticia.com.br\/noticia\/wp-json\/wp\/v2\/posts"}],"about":[{"href":"https:\/\/migracao.redenoticia.com.br\/noticia\/wp-json\/wp\/v2\/types\/post"}],"author":[{"embeddable":true,"href":"https:\/\/migracao.redenoticia.com.br\/noticia\/wp-json\/wp\/v2\/users\/3"}],"replies":[{"embeddable":true,"href":"https:\/\/migracao.redenoticia.com.br\/noticia\/wp-json\/wp\/v2\/comments?post=1608"}],"version-history":[{"count":0,"href":"https:\/\/migracao.redenoticia.com.br\/noticia\/wp-json\/wp\/v2\/posts\/1608\/revisions"}],"wp:attachment":[{"href":"https:\/\/migracao.redenoticia.com.br\/noticia\/wp-json\/wp\/v2\/media?parent=1608"}],"wp:term":[{"taxonomy":"category","embeddable":true,"href":"https:\/\/migracao.redenoticia.com.br\/noticia\/wp-json\/wp\/v2\/categories?post=1608"},{"taxonomy":"post_tag","embeddable":true,"href":"https:\/\/migracao.redenoticia.com.br\/noticia\/wp-json\/wp\/v2\/tags?post=1608"}],"curies":[{"name":"wp","href":"https:\/\/api.w.org\/{rel}","templated":true}]}}