{"id":160910,"date":"2018-12-04T23:54:37","date_gmt":"2018-12-05T01:54:37","guid":{"rendered":"https:\/\/www.redenoticia.com.br\/noticia\/?p=160910"},"modified":"2018-12-04T22:14:10","modified_gmt":"2018-12-05T00:14:10","slug":"unesp-tem-vagas-para-mestrado-e-doutorado-em-ciencias-biologicas","status":"publish","type":"post","link":"https:\/\/migracao.redenoticia.com.br\/noticia\/2018\/unesp-tem-vagas-para-mestrado-e-doutorado-em-ciencias-biologicas\/160910","title":{"rendered":"Unesp tem vagas para mestrado e doutorado em Ci\u00eancias Biol\u00f3gicas"},"content":{"rendered":"<p> Ag\u00eancia Fapesp\u00a0\u2013 O Instituto de Bioci\u00eancias de Rio Claro da Universidade Estadual Paulista (Unesp) est\u00e1 com inscri\u00e7\u00f5es abertas para o processo seletivo nos cursos de <strong><em>mestrado e doutorado direto<\/em><\/strong>. S\u00e3o 21 vagas para mestrado e 16 para doutorado. Os cursos fazem parte do Programa de P\u00f3s-gradua\u00e7\u00e3o em Ci\u00eancias Biol\u00f3gicas (Microbiologia Aplicada), com atua\u00e7\u00e3o nas seguintes \u00e1reas de pesquisa: biotecnologia de microrganismos, despolui\u00e7\u00e3o ambiental, ecologia e sistem\u00e1tica microbiana e enzimas microbianas. As inscri\u00e7\u00f5es encerram-se em 14 de dezembro de 2018.<\/p>\n<p>Os candidatos ao mestrado e ao doutorado direto dever\u00e3o se submeter \u00e0s provas de conhecimentos e profici\u00eancia em l\u00edngua estrangeira. Entre os requisitos para ingresso no doutorado, o candidato deve ter sido bolsista de inicia\u00e7\u00e3o cient\u00edfica (FAPESP, CNPq, ou outra ag\u00eancia de fomento) por pelo menos um ano na \u00e1rea de Microbiologia ou ter estagiado por no m\u00ednimo dois anos (podendo incluir nessa contagem o tempo como bolsista) na \u00e1rea de Microbiologia Aplicada.<\/p>\n<p>Para o curso de mestrado, o candidato deve apresentar c\u00f3pias do diploma ou certificado de conclus\u00e3o de curso superior e do hist\u00f3rico escolar do curso de gradua\u00e7\u00e3o.<\/p>\n<p>Mais informa\u00e7\u00f5es podem ser acessadas em:\u00a0.<\/p>\n<p>Para conhecer mais sobre o programa em Microbiologia Aplicada, acesse a p\u00e1gina:\u00a0. <\/p>\n<p>http:\/\/agencia.fapesp.br\/noticias\/<\/p>\n","protected":false},"excerpt":{"rendered":"<p>Ag\u00eancia Fapesp\u00a0\u2013 O Instituto de Bioci\u00eancias de Rio Claro da Universidade Estadual Paulista (Unesp) est\u00e1 com inscri\u00e7\u00f5es abertas para o processo seletivo nos cursos de mestrado e doutorado direto. S\u00e3o 21 vagas para mestrado e 16 para doutorado. Os cursos fazem parte do Programa de P\u00f3s-gradua\u00e7\u00e3o em Ci\u00eancias Biol\u00f3gicas (Microbiologia Aplicada), com atua\u00e7\u00e3o nas seguintes [&hellip;]<\/p>\n","protected":false},"author":2,"featured_media":148101,"comment_status":"open","ping_status":"closed","sticky":false,"template":"","format":"standard","meta":{"tdm_status":"","tdm_grid_status":"","footnotes":""},"categories":[351,370],"tags":[],"class_list":{"0":"post-160910","1":"post","2":"type-post","3":"status-publish","4":"format-standard","5":"has-post-thumbnail","7":"category-cursos","8":"category-inscricao"},"_links":{"self":[{"href":"https:\/\/migracao.redenoticia.com.br\/noticia\/wp-json\/wp\/v2\/posts\/160910","targetHints":{"allow":["GET"]}}],"collection":[{"href":"https:\/\/migracao.redenoticia.com.br\/noticia\/wp-json\/wp\/v2\/posts"}],"about":[{"href":"https:\/\/migracao.redenoticia.com.br\/noticia\/wp-json\/wp\/v2\/types\/post"}],"author":[{"embeddable":true,"href":"https:\/\/migracao.redenoticia.com.br\/noticia\/wp-json\/wp\/v2\/users\/2"}],"replies":[{"embeddable":true,"href":"https:\/\/migracao.redenoticia.com.br\/noticia\/wp-json\/wp\/v2\/comments?post=160910"}],"version-history":[{"count":0,"href":"https:\/\/migracao.redenoticia.com.br\/noticia\/wp-json\/wp\/v2\/posts\/160910\/revisions"}],"wp:featuredmedia":[{"embeddable":true,"href":"https:\/\/migracao.redenoticia.com.br\/noticia\/wp-json\/wp\/v2\/media\/148101"}],"wp:attachment":[{"href":"https:\/\/migracao.redenoticia.com.br\/noticia\/wp-json\/wp\/v2\/media?parent=160910"}],"wp:term":[{"taxonomy":"category","embeddable":true,"href":"https:\/\/migracao.redenoticia.com.br\/noticia\/wp-json\/wp\/v2\/categories?post=160910"},{"taxonomy":"post_tag","embeddable":true,"href":"https:\/\/migracao.redenoticia.com.br\/noticia\/wp-json\/wp\/v2\/tags?post=160910"}],"curies":[{"name":"wp","href":"https:\/\/api.w.org\/{rel}","templated":true}]}}