{"id":160946,"date":"2018-12-05T11:51:24","date_gmt":"2018-12-05T13:51:24","guid":{"rendered":"https:\/\/www.redenoticia.com.br\/noticia\/?p=160946"},"modified":"2018-12-18T16:57:07","modified_gmt":"2018-12-18T18:57:07","slug":"novela-a-terra-prometida-resumo-06-12-aruna-ajuda-darda-a-cuidar-dos-feridos","status":"publish","type":"post","link":"https:\/\/migracao.redenoticia.com.br\/noticia\/2018\/novela-a-terra-prometida-resumo-06-12-aruna-ajuda-darda-a-cuidar-dos-feridos\/160946","title":{"rendered":"Novela \u201cA Terra Prometida\u201d resumo 06\/12: J\u00e9ssica estranha o sumi\u00e7o de seu amado"},"content":{"rendered":"<p> <em><strong>Novela \u201cA Terra Prometida\u201d resumo 06\/12<\/strong><\/em>: no capitulo 097 (*) da novela \u201cA Terra Prometida\u201d, quinta-feira, 06 de dezembro, Zaqueu recebe cuidados de Chaia. Aruna e Samara seguem ajudando na tenda hospital. J\u00e9ssica estranha o sumido de seu amado. Salmon avisa \u00e0 Lila que a fam\u00edlia de Raabe se hospedar\u00e1 em sua tenda. Aruna e Samara reencontram Tobias. Raabe agradece a ajuda de Salmon. Durgal pede para Arauto cantar para lhe ajudar a dormir. J\u00e9ssica vai at\u00e9 a tenda de Salmon. Ela se surpreende ao notar a presen\u00e7a de Raabe.<\/p>\n<p>(*) edi\u00e7\u00e3o da Rede Record, Novela \u201cA Terra Prometida\u201d, sujeito a altera\u00e7\u00e3o de data e conte\u00fado.<\/p>\n<p>\u201cA Terra Prometida\u201d &#8211; Ap\u00f3s a morte de Mois\u00e9s, Josu\u00e9 \u00e9 o novo l\u00edder dos hebreus. Ele \u00e9 um guerreiro experiente, dotado de coragem, determina\u00e7\u00e3o e de uma f\u00e9 poderosa. Mas n\u00e3o \u00e9 tarefa f\u00e1cil conduzir um povo ao seu destino! Com seus aliados mais pr\u00f3ximos e de confian\u00e7a, o sacerdote levita Eleazar e o l\u00edder da tribo Jud\u00e1 Calebe, Josu\u00e9 tem que cumprir uma dif\u00edcil miss\u00e3o ordenada por Deus: comandar as doze tribos de Israel na conquista de Cana\u00e3, \u201cA Terra Prometida\u201d.<\/p>\n","protected":false},"excerpt":{"rendered":"<p>Novela \u201cA Terra Prometida\u201d resumo 06\/12: no capitulo 097 (*) da novela \u201cA Terra Prometida\u201d, quinta-feira, 06 de dezembro, Zaqueu recebe cuidados de Chaia. Aruna e Samara seguem ajudando na tenda hospital. J\u00e9ssica estranha o sumido de seu amado. Salmon avisa \u00e0 Lila que a fam\u00edlia de Raabe se hospedar\u00e1 em sua tenda. Aruna e [&hellip;]<\/p>\n","protected":false},"author":2,"featured_media":149876,"comment_status":"open","ping_status":"closed","sticky":false,"template":"","format":"standard","meta":{"tdm_status":"","tdm_grid_status":"","footnotes":""},"categories":[446,379,371,343],"tags":[441],"class_list":{"0":"post-160946","1":"post","2":"type-post","3":"status-publish","4":"format-standard","5":"has-post-thumbnail","7":"category-a-terra-prometida","8":"category-novelas","9":"category-rede-record","10":"category-televisao","11":"tag-resumo-do-dia"},"_links":{"self":[{"href":"https:\/\/migracao.redenoticia.com.br\/noticia\/wp-json\/wp\/v2\/posts\/160946","targetHints":{"allow":["GET"]}}],"collection":[{"href":"https:\/\/migracao.redenoticia.com.br\/noticia\/wp-json\/wp\/v2\/posts"}],"about":[{"href":"https:\/\/migracao.redenoticia.com.br\/noticia\/wp-json\/wp\/v2\/types\/post"}],"author":[{"embeddable":true,"href":"https:\/\/migracao.redenoticia.com.br\/noticia\/wp-json\/wp\/v2\/users\/2"}],"replies":[{"embeddable":true,"href":"https:\/\/migracao.redenoticia.com.br\/noticia\/wp-json\/wp\/v2\/comments?post=160946"}],"version-history":[{"count":0,"href":"https:\/\/migracao.redenoticia.com.br\/noticia\/wp-json\/wp\/v2\/posts\/160946\/revisions"}],"wp:featuredmedia":[{"embeddable":true,"href":"https:\/\/migracao.redenoticia.com.br\/noticia\/wp-json\/wp\/v2\/media\/149876"}],"wp:attachment":[{"href":"https:\/\/migracao.redenoticia.com.br\/noticia\/wp-json\/wp\/v2\/media?parent=160946"}],"wp:term":[{"taxonomy":"category","embeddable":true,"href":"https:\/\/migracao.redenoticia.com.br\/noticia\/wp-json\/wp\/v2\/categories?post=160946"},{"taxonomy":"post_tag","embeddable":true,"href":"https:\/\/migracao.redenoticia.com.br\/noticia\/wp-json\/wp\/v2\/tags?post=160946"}],"curies":[{"name":"wp","href":"https:\/\/api.w.org\/{rel}","templated":true}]}}