{"id":1610,"date":"2009-05-13T23:04:10","date_gmt":"2009-05-14T03:04:10","guid":{"rendered":"http:\/\/www.redenoticia.com.br\/noticia\/?p=1610"},"modified":"2009-05-14T19:03:26","modified_gmt":"2009-05-14T23:03:26","slug":"haddad-novo-enem-nao-exigira-que-aluno-decore-formulas-e-datas-historicas","status":"publish","type":"post","link":"https:\/\/migracao.redenoticia.com.br\/noticia\/2009\/haddad-novo-enem-nao-exigira-que-aluno-decore-formulas-e-datas-historicas\/1610","title":{"rendered":"Haddad: novo Enem n\u00e3o exigir\u00e1 que aluno decore f\u00f3rmulas e datas hist\u00f3ricas"},"content":{"rendered":"<p class=\"MsoNormal\" style=\"margin-bottom: 12pt;\"><span style=\"font-family: Arial;\"><a href=\"https:\/\/migracao.redenoticia.com.br\/noticia\/imagens\/\/enem.jpg\"><img loading=\"lazy\" decoding=\"async\" class=\"alignleft size-thumbnail wp-image-1609\" title=\"enem\" src=\"https:\/\/migracao.redenoticia.com.br\/noticia\/imagens\/\/enem-149x112.jpg\" alt=\"enem\" width=\"149\" height=\"112\" \/><\/a>O Minist\u00e9rio da Educa\u00e7\u00e3o (MEC) e o comit\u00ea respons\u00e1vel pela elabora\u00e7\u00e3o do novo Exame Nacional do Ensino M\u00e9dio (Enem) decidiram hoje (13) qual ser\u00e1 a matriz de habilidades da prova que substituir\u00e1 o vestibular das universidades federais. Segundo o ministro Fernando Haddad, os conte\u00fados permanecer\u00e3o os mesmos que s\u00e3o ministrados hoje pelo ensino m\u00e9dio, o que muda \u00e9 a \u201cforma de perguntar\u201d.<\/span><\/p>\n<p>\u201cN\u00e3o se est\u00e1 reinventando nada, at\u00e9 por respeito aos alunos que est\u00e3o concluindo o ensino m\u00e9dio na forma atual. O que se aprovou hoje, tendo por base os conte\u00fados, foi como abordar os conte\u00fados. A \u00eanfase deixa de ser na memoriza\u00e7\u00e3o e passa a ser na capacidade de compreens\u00e3o dos fen\u00f4menos da natureza, por exemplo\u201d, disse.<\/p>\n<p>A matriz de conte\u00fado ser\u00e1 divulgada amanh\u00e3 (14), ap\u00f3s reuni\u00e3o com os secret\u00e1rios estaduais de educa\u00e7\u00e3o. Segundo Haddad, o novo formato n\u00e3o permite as \u201cpegadinhas\u201d, por exemplo, nem vai exigir que o aluno decore uma f\u00f3rmula ou a data de um fato hist\u00f3rico. \u201cO que ele precisa saber \u00e9 como se desenrolaram os processos hist\u00f3ricos e a implica\u00e7\u00e3o dos fatos na vida dos pa\u00edses\u201d, disse.<\/p>\n<p>O ministro acredita que como nem todos os conte\u00fados podem ser cobradas a partir da matriz de habilidades estabelecida pelo MEC,  a tend\u00eancia \u00e9 que o volume de conte\u00fados diminua. \u201cHoje o programa de ensino m\u00e9dio \u00e9 um empilhamento dos programas dos vestibulares\u201d, defendeu. Em breve, o Instituto Nacional de Estudos e Pesquisas Educacionais An\u00edsio Teixeira (Inep) deve divulgar um modelo da prova para que os alunos tomem conhecimento do formato.<\/p>\n<p>O presidente da Associa\u00e7\u00e3o Nacional dos Dirigentes das Institui\u00e7\u00f5es Federais de Ensino Superior (Andifes), Amaro Lins, ressaltou que muitos vestibulares do pa\u00eds j\u00e1 adotam esse formato de prova. \u201cO grande avan\u00e7o \u00e9 que o pa\u00eds inteiro vai ter a possibilidade de um exame que tem grandes ganhos em rela\u00e7\u00e3o ao modelo atual\u201d, apontou.<\/p>\n<p>Haddad disse ainda que vai pedir um refor\u00e7o ao Minist\u00e9rio da Justi\u00e7a na aplica\u00e7\u00e3o e log\u00edstica de distribui\u00e7\u00e3o da provas. Hoje, cerca de 2 mil agentes da Pol\u00edcia Federal fazem a seguran\u00e7a nos locais de prova do Enem, mas em fun\u00e7\u00e3o do poss\u00edvel crescimento do n\u00famero de inscritos, o MEC quer aumentar esse efetivo.<\/p>\n<p>Como j\u00e1 tinha sido determinado pelo MEC, a prova ser\u00e1 nos dias 3 e 4 de outubro. Os estudantes que quiserem se candidatar \u00e0s vagas de uma das institui\u00e7\u00f5es participantes devem necessariamente participar do exame que ter\u00e1 uma reda\u00e7\u00e3o e 200 quest\u00f5es de m\u00faltiplas escolhas. Os testes ser\u00e3o de linguagens e c\u00f3digos, matem\u00e1tica, ci\u00eancias naturais e ci\u00eancias humanas.<\/p>\n<p class=\"MsoNormal\" style=\"margin-bottom: 12pt;\"><span style=\"font-family: Arial;\">Amanda Cieglinski<br \/>\n<em>Rep\u00f3rter da Ag\u00eancia Brasil<\/em> <\/span><\/p>\n","protected":false},"excerpt":{"rendered":"<p>O Minist\u00e9rio da Educa\u00e7\u00e3o (MEC) e o comit\u00ea respons\u00e1vel pela elabora\u00e7\u00e3o do novo Exame Nacional do Ensino M\u00e9dio (Enem) decidiram hoje (13) qual ser\u00e1 a matriz de habilidades da prova que substituir\u00e1 o vestibular das universidades federais. Segundo o ministro Fernando Haddad, os conte\u00fados permanecer\u00e3o os mesmos que s\u00e3o ministrados hoje pelo ensino m\u00e9dio, o [&hellip;]<\/p>\n","protected":false},"author":3,"featured_media":0,"comment_status":"open","ping_status":"open","sticky":false,"template":"","format":"standard","meta":{"tdm_status":"","tdm_grid_status":"","footnotes":""},"categories":[22],"tags":[],"class_list":{"0":"post-1610","1":"post","2":"type-post","3":"status-publish","4":"format-standard","6":"category-brasil"},"_links":{"self":[{"href":"https:\/\/migracao.redenoticia.com.br\/noticia\/wp-json\/wp\/v2\/posts\/1610","targetHints":{"allow":["GET"]}}],"collection":[{"href":"https:\/\/migracao.redenoticia.com.br\/noticia\/wp-json\/wp\/v2\/posts"}],"about":[{"href":"https:\/\/migracao.redenoticia.com.br\/noticia\/wp-json\/wp\/v2\/types\/post"}],"author":[{"embeddable":true,"href":"https:\/\/migracao.redenoticia.com.br\/noticia\/wp-json\/wp\/v2\/users\/3"}],"replies":[{"embeddable":true,"href":"https:\/\/migracao.redenoticia.com.br\/noticia\/wp-json\/wp\/v2\/comments?post=1610"}],"version-history":[{"count":0,"href":"https:\/\/migracao.redenoticia.com.br\/noticia\/wp-json\/wp\/v2\/posts\/1610\/revisions"}],"wp:attachment":[{"href":"https:\/\/migracao.redenoticia.com.br\/noticia\/wp-json\/wp\/v2\/media?parent=1610"}],"wp:term":[{"taxonomy":"category","embeddable":true,"href":"https:\/\/migracao.redenoticia.com.br\/noticia\/wp-json\/wp\/v2\/categories?post=1610"},{"taxonomy":"post_tag","embeddable":true,"href":"https:\/\/migracao.redenoticia.com.br\/noticia\/wp-json\/wp\/v2\/tags?post=1610"}],"curies":[{"name":"wp","href":"https:\/\/api.w.org\/{rel}","templated":true}]}}