{"id":161098,"date":"2018-12-06T11:19:45","date_gmt":"2018-12-06T13:19:45","guid":{"rendered":"https:\/\/www.redenoticia.com.br\/noticia\/?p=161098"},"modified":"2018-12-18T17:01:44","modified_gmt":"2018-12-18T19:01:44","slug":"novela-jesus-resumo-07-12-joana-estranha-o-comportamento-de-judite","status":"publish","type":"post","link":"https:\/\/migracao.redenoticia.com.br\/noticia\/2018\/novela-jesus-resumo-07-12-joana-estranha-o-comportamento-de-judite\/161098","title":{"rendered":"Novela \u201cJesus\u201d resumo 07\/12: F\u00edlon e Abel s\u00e3o levados ao sin\u00e9drio por Joana"},"content":{"rendered":"<p> <em><strong>Novela \u201cJesus\u201d resumo 07\/12<\/strong><\/em>: no capitulo 099 (*) da novela \u201cJesus\u201d, sexta-feira, 07 de dezembro, Tom\u00e9 \u00e9 tentado pelo Satan\u00e1s e acaba bebendo. Judas Tadeu percebe que ele est\u00e1 b\u00eabado. Judas Tadeu briga com Tom\u00e9. Todos comentam sobre a bebedeira de Tom\u00e9. Mateus o apoia. Adela desabafa com Barrab\u00e1s. Gestas consegue escapar da casa de Judite. Jesus olha para Tom\u00e9 com compaix\u00e3o. Felipe se despede de seu irm\u00e3o cego. F\u00edlon e Abel s\u00e3o levados ao sin\u00e9drio por Joana. Caif\u00e1s se sente insultado. Petronius pede para Barrab\u00e1s conter os rebeldes, mas ele avisa que n\u00e3o pode fazer nada. Uma mensagem chega para Pilatos. Corn\u00e9lius \u00e9 obrigado a investigar o abrigo dos rebeldes, denunciado por Asisa. Herod\u00edade seduz Caius e eles marcam de se encontrar em outro local.<\/p>\n<p>(*) edi\u00e7\u00e3o da Rede Record, Novela \u201cJesus\u201d, sujeito a altera\u00e7\u00e3o de data e conte\u00fado.<\/p>\n<p>\u201cJesus\u201d &#8211; Ap\u00f3s receber a anuncia\u00e7\u00e3o de que o filho de Deus estava a caminho, Maria (Cl\u00e1udia Mauro) d\u00e1 a luz ao escolhido e, junto com o marido Jos\u00e9 (Michel Bercovitch), cria com valores e bons princ\u00edpios o jovem escolhido Jesus (Dudu Azevedo). A profecia do escolhido incomoda o rei Herodes (Paulo Gorgulho), que passa a perseguir a fam\u00edlia, for\u00e7ando Maria e Jos\u00e9 a criarem Jesus como um jovem comum longe de sua miss\u00e3o.<\/p>\n","protected":false},"excerpt":{"rendered":"<p>Novela \u201cJesus\u201d resumo 07\/12: no capitulo 099 (*) da novela \u201cJesus\u201d, sexta-feira, 07 de dezembro, Tom\u00e9 \u00e9 tentado pelo Satan\u00e1s e acaba bebendo. Judas Tadeu percebe que ele est\u00e1 b\u00eabado. Judas Tadeu briga com Tom\u00e9. Todos comentam sobre a bebedeira de Tom\u00e9. Mateus o apoia. Adela desabafa com Barrab\u00e1s. Gestas consegue escapar da casa de [&hellip;]<\/p>\n","protected":false},"author":2,"featured_media":148138,"comment_status":"open","ping_status":"closed","sticky":false,"template":"","format":"standard","meta":{"tdm_status":"","tdm_grid_status":"","footnotes":""},"categories":[488,379,371,343],"tags":[441],"class_list":{"0":"post-161098","1":"post","2":"type-post","3":"status-publish","4":"format-standard","5":"has-post-thumbnail","7":"category-jesus","8":"category-novelas","9":"category-rede-record","10":"category-televisao","11":"tag-resumo-do-dia"},"_links":{"self":[{"href":"https:\/\/migracao.redenoticia.com.br\/noticia\/wp-json\/wp\/v2\/posts\/161098","targetHints":{"allow":["GET"]}}],"collection":[{"href":"https:\/\/migracao.redenoticia.com.br\/noticia\/wp-json\/wp\/v2\/posts"}],"about":[{"href":"https:\/\/migracao.redenoticia.com.br\/noticia\/wp-json\/wp\/v2\/types\/post"}],"author":[{"embeddable":true,"href":"https:\/\/migracao.redenoticia.com.br\/noticia\/wp-json\/wp\/v2\/users\/2"}],"replies":[{"embeddable":true,"href":"https:\/\/migracao.redenoticia.com.br\/noticia\/wp-json\/wp\/v2\/comments?post=161098"}],"version-history":[{"count":0,"href":"https:\/\/migracao.redenoticia.com.br\/noticia\/wp-json\/wp\/v2\/posts\/161098\/revisions"}],"wp:featuredmedia":[{"embeddable":true,"href":"https:\/\/migracao.redenoticia.com.br\/noticia\/wp-json\/wp\/v2\/media\/148138"}],"wp:attachment":[{"href":"https:\/\/migracao.redenoticia.com.br\/noticia\/wp-json\/wp\/v2\/media?parent=161098"}],"wp:term":[{"taxonomy":"category","embeddable":true,"href":"https:\/\/migracao.redenoticia.com.br\/noticia\/wp-json\/wp\/v2\/categories?post=161098"},{"taxonomy":"post_tag","embeddable":true,"href":"https:\/\/migracao.redenoticia.com.br\/noticia\/wp-json\/wp\/v2\/tags?post=161098"}],"curies":[{"name":"wp","href":"https:\/\/api.w.org\/{rel}","templated":true}]}}