{"id":1612,"date":"2009-05-13T23:09:12","date_gmt":"2009-05-14T03:09:12","guid":{"rendered":"http:\/\/www.redenoticia.com.br\/noticia\/?p=1612"},"modified":"2009-05-13T23:09:12","modified_gmt":"2009-05-14T03:09:12","slug":"campanha-mostra-importancia-da-educacao-fisica-nas-escolas","status":"publish","type":"post","link":"https:\/\/migracao.redenoticia.com.br\/noticia\/2009\/campanha-mostra-importancia-da-educacao-fisica-nas-escolas\/1612","title":{"rendered":"Campanha mostra import\u00e2ncia da educa\u00e7\u00e3o f\u00edsica nas escolas"},"content":{"rendered":"<p class=\"MsoNormal\"><span style=\"font-family: Arial;\"><a href=\"https:\/\/migracao.redenoticia.com.br\/noticia\/imagens\/\/fisica.jpg\"><img loading=\"lazy\" decoding=\"async\" class=\"alignleft size-thumbnail wp-image-1611\" title=\"fisica\" src=\"https:\/\/migracao.redenoticia.com.br\/noticia\/imagens\/\/fisica-149x112.jpg\" alt=\"fisica\" width=\"149\" height=\"112\" \/><\/a>O Conselho Federal de Educa\u00e7\u00e3o F\u00edsica (Confef) lan\u00e7ou hoje (13), em Bras\u00edlia, a campanha nacional Educa\u00e7\u00e3o F\u00edsica Escolar \u2013 Plantando Cultura, Cidadania e Sa\u00fade. Segundo o coordenador do conselho, Walfrido Amaral, um dos principais objetivos \u00e9 alertar os pais sobre a import\u00e2ncia de exigir professores qualificados para a atividade, que, de acordo com a Lei de Diretrizes e Bases da Educa\u00e7\u00e3o (LDB), \u00e9 obrigat\u00f3ria nas escolas.<\/p>\n<p>A campanha foi lan\u00e7ada durante o semin\u00e1rio <strong>A Educa\u00e7\u00e3o F\u00edsica e Esporte Escolar: da Forma\u00e7\u00e3o \u00e0 Competi\u00e7\u00e3o<\/strong>, promovido pela Comiss\u00e3o de Turismo e Desporto da C\u00e2mara dos Deputados. O encontro re\u00fane, at\u00e9 as 18h, representantes de entidades, parlamentares, alunos e professores.<\/p>\n<p>\u201cHoje todos falam sobre a import\u00e2ncia da educa\u00e7\u00e3o f\u00edsica escolar, mas ainda \u00e9 preciso,\u00a0 efetivamente, que seja dada import\u00e2ncia a ela\u201d, disse Amaral. Ele lembrou que muitas escolas brasileiras, principalmente p\u00fablicas, n\u00e3o disp\u00f5em de equipamentos e espa\u00e7o adequados \u00e0 pr\u00e1tica da educa\u00e7\u00e3o f\u00edsica.<\/p>\n<p>O coordenador destacou que as aulas tamb\u00e9m devem abrir espa\u00e7o para a discuss\u00e3o de temas como boa alimenta\u00e7\u00e3o e import\u00e2ncia de atividade f\u00edsica regular.<\/p>\n<p>Segundo o presidente da Comiss\u00e3o de Turismo e Desporto, deputado Afonso Hamm (PP-RS), a educa\u00e7\u00e3o f\u00edsica ajuda a formar cidad\u00e3os conscientes de direitos e deveres. \u201cEla \u00e9 fundamental no curr\u00edculo dos alunos, quanto mais cedo, melhor. Ela \u00e9 muito importante para a forma\u00e7\u00e3o do car\u00e1ter e da cidadania de uma pessoa.\u201d<\/p>\n<p>De acordo com a LDB, a atividade deve estar integrada \u00e0 proposta pedag\u00f3gica da escola, ajustando-se \u00e0s faixas et\u00e1rias e \u00e0s condi\u00e7\u00f5es dos estudantes. \u201cN\u00e3o me preocupo se v\u00e3o sair atletas ou n\u00e3o, mas sim se esse aluno vai virar um cidad\u00e3o pleno. O esporte \u00e9 um instrumento para o desenvolvimento, que cria oportunidades para que os estudantes aprendam a respeitar as diferen\u00e7as e construir solu\u00e7\u00f5es coletivas\u201d, disse o vice-presidente da Confef, Jo\u00e3o Batista Tojal.<\/span><\/p>\n<p><span style=\"font-size: 12pt; font-family: Arial;\">Da Ag\u00eancia Brasil<br \/>\n<!--[if !supportLineBreakNewLine]--><br \/>\n<!--[endif]--><\/span><\/p>\n","protected":false},"excerpt":{"rendered":"<p>O Conselho Federal de Educa\u00e7\u00e3o F\u00edsica (Confef) lan\u00e7ou hoje (13), em Bras\u00edlia, a campanha nacional Educa\u00e7\u00e3o F\u00edsica Escolar \u2013 Plantando Cultura, Cidadania e Sa\u00fade. Segundo o coordenador do conselho, Walfrido Amaral, um dos principais objetivos \u00e9 alertar os pais sobre a import\u00e2ncia de exigir professores qualificados para a atividade, que, de acordo com a Lei [&hellip;]<\/p>\n","protected":false},"author":3,"featured_media":0,"comment_status":"open","ping_status":"open","sticky":false,"template":"","format":"standard","meta":{"tdm_status":"","tdm_grid_status":"","footnotes":""},"categories":[22],"tags":[],"class_list":{"0":"post-1612","1":"post","2":"type-post","3":"status-publish","4":"format-standard","6":"category-brasil"},"_links":{"self":[{"href":"https:\/\/migracao.redenoticia.com.br\/noticia\/wp-json\/wp\/v2\/posts\/1612","targetHints":{"allow":["GET"]}}],"collection":[{"href":"https:\/\/migracao.redenoticia.com.br\/noticia\/wp-json\/wp\/v2\/posts"}],"about":[{"href":"https:\/\/migracao.redenoticia.com.br\/noticia\/wp-json\/wp\/v2\/types\/post"}],"author":[{"embeddable":true,"href":"https:\/\/migracao.redenoticia.com.br\/noticia\/wp-json\/wp\/v2\/users\/3"}],"replies":[{"embeddable":true,"href":"https:\/\/migracao.redenoticia.com.br\/noticia\/wp-json\/wp\/v2\/comments?post=1612"}],"version-history":[{"count":0,"href":"https:\/\/migracao.redenoticia.com.br\/noticia\/wp-json\/wp\/v2\/posts\/1612\/revisions"}],"wp:attachment":[{"href":"https:\/\/migracao.redenoticia.com.br\/noticia\/wp-json\/wp\/v2\/media?parent=1612"}],"wp:term":[{"taxonomy":"category","embeddable":true,"href":"https:\/\/migracao.redenoticia.com.br\/noticia\/wp-json\/wp\/v2\/categories?post=1612"},{"taxonomy":"post_tag","embeddable":true,"href":"https:\/\/migracao.redenoticia.com.br\/noticia\/wp-json\/wp\/v2\/tags?post=1612"}],"curies":[{"name":"wp","href":"https:\/\/api.w.org\/{rel}","templated":true}]}}