{"id":161220,"date":"2018-12-11T00:09:56","date_gmt":"2018-12-11T02:09:56","guid":{"rendered":"https:\/\/www.redenoticia.com.br\/noticia\/?p=161220"},"modified":"2018-12-18T16:47:49","modified_gmt":"2018-12-18T18:47:49","slug":"a-fazenda-10-conectada-votacao-em-evandro-joao-e-rafael-movimenta-a-enquete","status":"publish","type":"post","link":"https:\/\/migracao.redenoticia.com.br\/noticia\/2018\/a-fazenda-10-conectada-votacao-em-evandro-joao-e-rafael-movimenta-a-enquete\/161220","title":{"rendered":"&#8220;A Fazenda&#8221; 10 + Conectada: vota\u00e7\u00e3o em Evandro, Jo\u00e3o e Rafael movimentou a enquete"},"content":{"rendered":"<p> <strong><em>\u201cA Fazenda\u201d forma\u00e7\u00e3o da ro\u00e7a e vota\u00e7\u00e3o na enquete:<\/em><\/strong> Quem deve continuar em &#8220;A Fazenda&#8221;? Evandro Santo recebeu apenas 30% dos votos do p\u00fablico e se despediu de &#8220;A Fazenda&#8221; 2018. A d\u00e9cima segunda ro\u00e7a desta edi\u00e7\u00e3o come\u00e7ou na noite desta quinta-feira, 06\/12, quando o apresentador Marcos Mion chamou os pe\u00f5es para a \u00e1rea de prova. A ro\u00e7a desta semana \u00e9 formada por 3 pe\u00f5es e n\u00e3o tem mais prova do Fazendeiro. Ca\u00edque venceu a prova que exigiu racioc\u00ednio, for\u00e7a e agilidade para vencer o circuito de obst\u00e1culos e escrever a palavra FINAL. Ele ganhou a primeira vaga na grande final que acontece no dia 13 de dezembro. Evandro, Jo\u00e3o e Rafael disputaram a prefer\u00eancia do p\u00fablico para continuarem em &#8220;A Fazenda&#8221;. <\/p>\n<p>Destaque: <a href=\"https:\/\/migracao.redenoticia.com.br\/noticia\/2018\/a-fazenda-10-conectada-votacao-final-movimenta-a-enquete\/161544\">&#8220;A Fazenda&#8221; 10 + Conectada: vota\u00e7\u00e3o final movimenta a enquete<\/a><\/p>\n<p><script type=\"text\/javascript\" charset=\"utf-8\" data-cfasync=\"false\" src=\"https:\/\/secure.polldaddy.com\/p\/10184572.js\"><\/script><br \/>\n<noscript><a href=\"https:\/\/poll.fm\/10184572\">Entre Evandro, Jo\u00e3o e Rafael, quem deve continuar em &#8220;A Fazenda&#8221;?<\/a><\/noscript><\/p>\n<p>Se voc\u00ea n\u00e3o est\u00e1 vendo a enquete &#8220;A Fazenda&#8221; 10, clique no link &#8211; <a href=\"https:\/\/migracao.redenoticia.com.br\/noticia\/2018\/a-fazenda-10-conectada-votacao-em-evandro-joao-e-rafael-movimenta-a-enquete\/161220\">\u201cA Fazenda\u201d 10 + Conectada: vota\u00e7\u00e3o em Evandro, Jo\u00e3o e Rafael movimenta a enquete<\/a><\/p>\n<p>Resultado parcial<\/p>\n<p>07\/12 01h15 Rafael 41,08%; Jo\u00e3o 33,00%; Evandro 25,92%. Total de Votos 13.448.<br \/>\n08\/12 18h59 Evandro 38,53%; Rafael 36,48%; Jo\u00e3o 24,99%. Total de Votos 45.447.<\/p>\n<p>O voto v\u00e1lido foi registrado no portal oficial do programa <a href=\"http:\/\/afazenda.r7.com\/a-fazenda-10\">&#8220;A Fazenda\u201d 10 + Conectada<\/a> Rede Record.<\/p>\n<p>&#8212;<\/p>\n<p>Pe\u00f5es &#8220;A Fazenda&#8221; 10 + Conectada<\/p>\n<p>Equipe \u00c1gua &#8211; Ca\u00edque Aguiar. Leo Stronda, Luane Dias; Gabi Prado; Fernanda Lacerda; Perlla; Ana Paula Renault e Nadja Pessoa foram eliminadas do jogo.<\/p>\n<p>Equipe Terra &#8211; Rafael Ilha; Evandro Santo; Felipe Sertanejo e Jo\u00e3o Zoli. C\u00e1tia Paganote, Sandro Pedroso, Alo\u00edsio Chulapa e Vida Vlatt foram eliminados do jogo.<\/p>\n<p>Rede Record &#8220;A Fazenda&#8221; 10 + Conectada<\/p>\n","protected":false},"excerpt":{"rendered":"<p>\u201cA Fazenda\u201d forma\u00e7\u00e3o da ro\u00e7a e vota\u00e7\u00e3o na enquete: Quem deve continuar em &#8220;A Fazenda&#8221;? Evandro Santo recebeu apenas 30% dos votos do p\u00fablico e se despediu de &#8220;A Fazenda&#8221; 2018. A d\u00e9cima segunda ro\u00e7a desta edi\u00e7\u00e3o come\u00e7ou na noite desta quinta-feira, 06\/12, quando o apresentador Marcos Mion chamou os pe\u00f5es para a \u00e1rea de [&hellip;]<\/p>\n","protected":false},"author":2,"featured_media":152827,"comment_status":"open","ping_status":"closed","sticky":false,"template":"","format":"standard","meta":{"tdm_status":"","tdm_grid_status":"","footnotes":""},"categories":[406,371,343],"tags":[521],"class_list":{"0":"post-161220","1":"post","2":"type-post","3":"status-publish","4":"format-standard","5":"has-post-thumbnail","7":"category-a-fazenda","8":"category-rede-record","9":"category-televisao","10":"tag-enquete"},"_links":{"self":[{"href":"https:\/\/migracao.redenoticia.com.br\/noticia\/wp-json\/wp\/v2\/posts\/161220","targetHints":{"allow":["GET"]}}],"collection":[{"href":"https:\/\/migracao.redenoticia.com.br\/noticia\/wp-json\/wp\/v2\/posts"}],"about":[{"href":"https:\/\/migracao.redenoticia.com.br\/noticia\/wp-json\/wp\/v2\/types\/post"}],"author":[{"embeddable":true,"href":"https:\/\/migracao.redenoticia.com.br\/noticia\/wp-json\/wp\/v2\/users\/2"}],"replies":[{"embeddable":true,"href":"https:\/\/migracao.redenoticia.com.br\/noticia\/wp-json\/wp\/v2\/comments?post=161220"}],"version-history":[{"count":0,"href":"https:\/\/migracao.redenoticia.com.br\/noticia\/wp-json\/wp\/v2\/posts\/161220\/revisions"}],"wp:featuredmedia":[{"embeddable":true,"href":"https:\/\/migracao.redenoticia.com.br\/noticia\/wp-json\/wp\/v2\/media\/152827"}],"wp:attachment":[{"href":"https:\/\/migracao.redenoticia.com.br\/noticia\/wp-json\/wp\/v2\/media?parent=161220"}],"wp:term":[{"taxonomy":"category","embeddable":true,"href":"https:\/\/migracao.redenoticia.com.br\/noticia\/wp-json\/wp\/v2\/categories?post=161220"},{"taxonomy":"post_tag","embeddable":true,"href":"https:\/\/migracao.redenoticia.com.br\/noticia\/wp-json\/wp\/v2\/tags?post=161220"}],"curies":[{"name":"wp","href":"https:\/\/api.w.org\/{rel}","templated":true}]}}