{"id":1613,"date":"2009-05-13T23:11:49","date_gmt":"2009-05-14T03:11:49","guid":{"rendered":"http:\/\/www.redenoticia.com.br\/noticia\/?p=1613"},"modified":"2009-05-13T23:11:49","modified_gmt":"2009-05-14T03:11:49","slug":"setur-isenta-empresas-turisticas-de-taxa-para-fazer-o-cadastramento-nacional","status":"publish","type":"post","link":"https:\/\/migracao.redenoticia.com.br\/noticia\/2009\/setur-isenta-empresas-turisticas-de-taxa-para-fazer-o-cadastramento-nacional\/1613","title":{"rendered":"Setur isenta empresas tur\u00edsticas de taxa para fazer o cadastramento nacional"},"content":{"rendered":"<p><span style=\"font-family: Arial;\">O Governo do Estado, atrav\u00e9s da Superintend\u00eancia de Turismo (Setur) est\u00e1 oferecendo um novo servi\u00e7o para promover o desenvolvimento do Turismo em Rond\u00f4nia. Agora, para fazer o cadastro na Coordenadoria Regional de Servi\u00e7os Turisticos, o CadasTur, as empresas prestadoras de servi\u00e7os tur\u00edsticos n\u00e3o precisam mais pagar a taxa de R$ 100,00. \u201cCom esse cadastro as empresas ficam habilitadas a participar de licita\u00e7\u00f5es p\u00fablicas e tamb\u00e9m ganham divulga\u00e7\u00e3o no Portal do Minist\u00e9rio do Turismo e no Cadastro Estadual da Setur. Sem a cobran\u00e7a da taxa para o cadastro, estamos facilitando para que as empresas de turismo tenham mais divulga\u00e7\u00e3o e ofere\u00e7am melhores servi\u00e7os aos turistas que visitam nosso estado\u201d, lembra Cl\u00e1udia Carvalho, superintendente da Setur.<\/span><\/p>\n<p class=\"MsoNormal\"><span style=\"font-family: Arial;\">O cadastro tamb\u00e9m \u00e9 necess\u00e1rio para as empresas terem acesso a programas de financiamento, incentivos para a\u00e7\u00f5es de empreendimentos tur\u00edsticos e para receber apoio federal ou estadual. Entre as empresas que podem se beneficiar com a isen\u00e7\u00e3o da taxa est\u00e3o: hot\u00e9is, ag\u00eancias de viagens, transportadoras tur\u00edsticas, baichar\u00e9is em turismo e guias tur\u00edsticos. Para isentar as empresas do pagamento da taxa o Governo do Estado fez um conv\u00eanio com o Minist\u00e9rio do Turismo que repassar\u00e1 um recurso para custear o servi\u00e7o.<\/span><\/p>\n<p class=\"MsoNormal\"><span style=\"font-family: Arial;\">O cadastro \u00e9 feito na Coordenadoria Regional de Servi\u00e7os Tur\u00edsticos na Superintend\u00eancia de Turismo no Pr\u00e9dio do Rel\u00f3gio. Endere\u00e7o: Av. Sete de Setembro, n\u00ba237 \u2013 centro. Hor\u00e1rio de atendimento: 7h30 \u00e0s 13h30.<\/span><\/p>\n<p class=\"MsoNormal\"><span style=\"font-family: Arial;\">Documentos necess\u00e1rios: Contrato social e \u00faltima altera\u00e7\u00e3o; certid\u00e3o simplificada da JUCER; CNPJ, RG e CPF dos s\u00f3cios; e comprovante de endere\u00e7o da empresa. <\/span><\/p>\n<p class=\"MsoNormal\"><span style=\"font-family: Arial;\">Fonte: Malu Calixto \u2013 A\/I Setur \u2013 Superintend\u00eancia de Turismo<\/span><\/p>\n","protected":false},"excerpt":{"rendered":"<p>O Governo do Estado, atrav\u00e9s da Superintend\u00eancia de Turismo (Setur) est\u00e1 oferecendo um novo servi\u00e7o para promover o desenvolvimento do Turismo em Rond\u00f4nia. Agora, para fazer o cadastro na Coordenadoria Regional de Servi\u00e7os Turisticos, o CadasTur, as empresas prestadoras de servi\u00e7os tur\u00edsticos n\u00e3o precisam mais pagar a taxa de R$ 100,00. \u201cCom esse cadastro as [&hellip;]<\/p>\n","protected":false},"author":3,"featured_media":0,"comment_status":"open","ping_status":"open","sticky":false,"template":"","format":"standard","meta":{"tdm_status":"","tdm_grid_status":"","footnotes":""},"categories":[22],"tags":[],"class_list":{"0":"post-1613","1":"post","2":"type-post","3":"status-publish","4":"format-standard","6":"category-brasil"},"_links":{"self":[{"href":"https:\/\/migracao.redenoticia.com.br\/noticia\/wp-json\/wp\/v2\/posts\/1613","targetHints":{"allow":["GET"]}}],"collection":[{"href":"https:\/\/migracao.redenoticia.com.br\/noticia\/wp-json\/wp\/v2\/posts"}],"about":[{"href":"https:\/\/migracao.redenoticia.com.br\/noticia\/wp-json\/wp\/v2\/types\/post"}],"author":[{"embeddable":true,"href":"https:\/\/migracao.redenoticia.com.br\/noticia\/wp-json\/wp\/v2\/users\/3"}],"replies":[{"embeddable":true,"href":"https:\/\/migracao.redenoticia.com.br\/noticia\/wp-json\/wp\/v2\/comments?post=1613"}],"version-history":[{"count":0,"href":"https:\/\/migracao.redenoticia.com.br\/noticia\/wp-json\/wp\/v2\/posts\/1613\/revisions"}],"wp:attachment":[{"href":"https:\/\/migracao.redenoticia.com.br\/noticia\/wp-json\/wp\/v2\/media?parent=1613"}],"wp:term":[{"taxonomy":"category","embeddable":true,"href":"https:\/\/migracao.redenoticia.com.br\/noticia\/wp-json\/wp\/v2\/categories?post=1613"},{"taxonomy":"post_tag","embeddable":true,"href":"https:\/\/migracao.redenoticia.com.br\/noticia\/wp-json\/wp\/v2\/tags?post=1613"}],"curies":[{"name":"wp","href":"https:\/\/api.w.org\/{rel}","templated":true}]}}