{"id":1614,"date":"2009-05-13T23:13:00","date_gmt":"2009-05-14T03:13:00","guid":{"rendered":"http:\/\/www.redenoticia.com.br\/noticia\/?p=1614"},"modified":"2009-05-13T23:13:00","modified_gmt":"2009-05-14T03:13:00","slug":"livros-didaticos-de-2010-serao-escolhidos-em-junho","status":"publish","type":"post","link":"https:\/\/migracao.redenoticia.com.br\/noticia\/2009\/livros-didaticos-de-2010-serao-escolhidos-em-junho\/1614","title":{"rendered":"Livros Did\u00e1ticos de 2010 ser\u00e3o escolhidos em junho"},"content":{"rendered":"<p><span style=\"font-family: Arial; color: windowtext;\">Os livros did\u00e1ticos do 1\u00ba ao 5\u00ba ano do Ensino Fundamental Regular para 2010 ser\u00e3o escolhidos neste ano. A escolha ser\u00e1 feita exclusivamente pela Internet no per\u00edodo de 08 a 28 de junho de 2009. <\/span><\/p>\n<p><span style=\"font-family: Arial; color: windowtext;\">Todas as escolas p\u00fablicas que atendem a este n\u00edvel de ensino devem ficar atentas ao per\u00edodo estabelecido pelo FNDE\/MEC de registro das escolhas para n\u00e3o perderem o prazo, garantindo assim, o direito do professor de escolher o material did\u00e1tico que melhor adequar-se ao projeto pol\u00edtico pedag\u00f3gico da escola.<\/span><\/p>\n<p><span style=\"font-family: Arial; color: windowtext;\">Sandra Feitosa de Souza, chefe de equipe I \/ Projeto Livro Did\u00e1tico e Biblioteca Escolar\/Seduc faz um alerta. \u201cA escolha do livro did\u00e1tico ser\u00e1 realizada somente pela Internet e n\u00e3o mais atrav\u00e9s de formul\u00e1rio impresso, portanto, o registro da escolha n\u00e3o pode ser deixado para os \u00faltimos dias, pois poder\u00e1 causar congestionamento no sistema e n\u00e3o conseguir efetiv\u00e1-la\u201d, destaca a chefe de equipe, lembrando ainda que \u201co processo de escolha Programa Nacional do Livro Did\u00e1tico (PNLD 2010) \u00e9 um direito do professor, que deve ser exercido\u201d. <\/span><\/p>\n<p><span style=\"font-family: Arial; color: windowtext;\">O guia do PNLD 2010 esta sendo distribu\u00eddo \u00e0s escolas pelos Correios, estando dispon\u00edvel tamb\u00e9m no site <span style=\"color: windowtext;\">www.fnde.gov.br<\/span>.<\/p>\n<p><\/span><\/p>\n<p><em><span style=\"font-family: Arial; color: windowtext;\"><span> <\/span>Seduc <\/span><\/em><span style=\"font-family: Arial; color: windowtext;\"><\/span><\/p>\n","protected":false},"excerpt":{"rendered":"<p>Os livros did\u00e1ticos do 1\u00ba ao 5\u00ba ano do Ensino Fundamental Regular para 2010 ser\u00e3o escolhidos neste ano. A escolha ser\u00e1 feita exclusivamente pela Internet no per\u00edodo de 08 a 28 de junho de 2009. Todas as escolas p\u00fablicas que atendem a este n\u00edvel de ensino devem ficar atentas ao per\u00edodo estabelecido pelo FNDE\/MEC de [&hellip;]<\/p>\n","protected":false},"author":3,"featured_media":0,"comment_status":"open","ping_status":"open","sticky":false,"template":"","format":"standard","meta":{"tdm_status":"","tdm_grid_status":"","footnotes":""},"categories":[22],"tags":[],"class_list":{"0":"post-1614","1":"post","2":"type-post","3":"status-publish","4":"format-standard","6":"category-brasil"},"_links":{"self":[{"href":"https:\/\/migracao.redenoticia.com.br\/noticia\/wp-json\/wp\/v2\/posts\/1614","targetHints":{"allow":["GET"]}}],"collection":[{"href":"https:\/\/migracao.redenoticia.com.br\/noticia\/wp-json\/wp\/v2\/posts"}],"about":[{"href":"https:\/\/migracao.redenoticia.com.br\/noticia\/wp-json\/wp\/v2\/types\/post"}],"author":[{"embeddable":true,"href":"https:\/\/migracao.redenoticia.com.br\/noticia\/wp-json\/wp\/v2\/users\/3"}],"replies":[{"embeddable":true,"href":"https:\/\/migracao.redenoticia.com.br\/noticia\/wp-json\/wp\/v2\/comments?post=1614"}],"version-history":[{"count":0,"href":"https:\/\/migracao.redenoticia.com.br\/noticia\/wp-json\/wp\/v2\/posts\/1614\/revisions"}],"wp:attachment":[{"href":"https:\/\/migracao.redenoticia.com.br\/noticia\/wp-json\/wp\/v2\/media?parent=1614"}],"wp:term":[{"taxonomy":"category","embeddable":true,"href":"https:\/\/migracao.redenoticia.com.br\/noticia\/wp-json\/wp\/v2\/categories?post=1614"},{"taxonomy":"post_tag","embeddable":true,"href":"https:\/\/migracao.redenoticia.com.br\/noticia\/wp-json\/wp\/v2\/tags?post=1614"}],"curies":[{"name":"wp","href":"https:\/\/api.w.org\/{rel}","templated":true}]}}