{"id":161417,"date":"2018-12-02T10:43:01","date_gmt":"2018-12-02T12:43:01","guid":{"rendered":"https:\/\/www.redenoticia.com.br\/noticia\/?p=161417"},"modified":"2018-12-18T16:28:25","modified_gmt":"2018-12-18T18:28:25","slug":"novela-espelho-da-vida-margot-se-impressiona-com-o-quadro-de-danilo-pequeno","status":"publish","type":"post","link":"https:\/\/migracao.redenoticia.com.br\/noticia\/2018\/novela-espelho-da-vida-margot-se-impressiona-com-o-quadro-de-danilo-pequeno\/161417","title":{"rendered":"Novela \u201cEspelho da Vida\u201d: Margot se impressiona com o quadro de Danilo pequeno"},"content":{"rendered":"<p><img loading=\"lazy\" decoding=\"async\" src=\"https:\/\/migracao.redenoticia.com.br\/noticia\/imagens\/espelho-da-vida-004-181x187.jpg\" alt=\"\" width=\"181\" height=\"187\" class=\"alignnone size-medium wp-image-153373\" srcset=\"https:\/\/migracao.redenoticia.com.br\/noticia\/imagens\/espelho-da-vida-004-181x187.jpg 181w, https:\/\/migracao.redenoticia.com.br\/noticia\/imagens\/espelho-da-vida-004-291x300.jpg 291w, https:\/\/migracao.redenoticia.com.br\/noticia\/imagens\/espelho-da-vida-004-145x150.jpg 145w, https:\/\/migracao.redenoticia.com.br\/noticia\/imagens\/espelho-da-vida-004.jpg 539w\" sizes=\"auto, (max-width: 181px) 100vw, 181px\" \/><strong><em>Novela \u201cEspelho da Vida\u201d:<\/em><\/strong> Os quadros de Hildegard (Irene Ravache) foram reproduzidos para o filme Amor Infinito e chegam embrulhados no casar\u00e3o de Margot (Irene Ravache). A livreira, que j\u00e1 sabe que foi a brilhante pintora na vida passada, fica encantada com o momento e ansiosa para ver as obras que j\u00e1 foram suas. &#8220;Est\u00e3o fant\u00e1sticos, reprodu\u00e7\u00f5es perfeitas. N\u00e3o \u00e9 f\u00e1cil fazer um trabalho desse n\u00edvel atrav\u00e9s de fotografias de um livro&#8221;, diz Sergio (Marcio Machado). &#8220;S\u00e3o perfeitos. Estou impressionada!&#8221;, elogia Margot.<\/p>\n<p>Marina (Ana Rios) tamb\u00e9m se junta ao grupo e conta que um dos quadros chegou separado: &#8220;Ainda faltou um, gente. Est\u00e1 ali meio escondidinho! Foi um senhorzinho que entregou.&#8221; Todos ficam na expectativa de v\u00ea-lo, j\u00e1 que \u00e9 o \u00fanico ali embrulhado em um papel diferente. Sergio rasga o papel e, aos poucos, o rosto de Danilo (Rafael Cardoso) quando ainda crian\u00e7a vai aparecendo. Margot vai empalidecendo e se choca: &#8220;Meu Deus, n\u00e3o pode ser! \u00c9 o meu filho, \u00e9 o retrato do meu Pedro!&#8221; Completamente comovida com o que v\u00ea, Margot \u00e9 amparada por Marina.<\/p>\n<p>Sinopse Espelho da Vida\u201d: Cris Val\u00eancia (Vit\u00f3ria Strada) \u00e9 uma atriz de teatro, linda, estudiosa e filha de pais artistas. A jovem \u00e9 idealista e segura de seus objetivos. Sens\u00edvel, acredita em todos que se aproximam, valoriza o amor e vive um romance feliz ao lado de Alain (Jo\u00e3o Vicente de Castro). Incentivadora da carreira do namorado, ela apoia seus projetos e acredita que ele precisa investir na produ\u00e7\u00e3o de um filme rom\u00e2ntico. Em \u201cEspelho da Vida\u201d, Alain \u00e9 um diretor de TV e cinema bem-sucedido no Rio de Janeiro, muito reconhecido por sua arte.<\/p>\n","protected":false},"excerpt":{"rendered":"<p>Novela \u201cEspelho da Vida\u201d: Os quadros de Hildegard (Irene Ravache) foram reproduzidos para o filme Amor Infinito e chegam embrulhados no casar\u00e3o de Margot (Irene Ravache). A livreira, que j\u00e1 sabe que foi a brilhante pintora na vida passada, fica encantada com o momento e ansiosa para ver as obras que j\u00e1 foram suas. &#8220;Est\u00e3o [&hellip;]<\/p>\n","protected":false},"author":4,"featured_media":153373,"comment_status":"open","ping_status":"closed","sticky":false,"template":"","format":"standard","meta":{"tdm_status":"","tdm_grid_status":"","footnotes":""},"categories":[388,527,379,375,343],"tags":[523],"class_list":{"0":"post-161417","1":"post","2":"type-post","3":"status-publish","4":"format-standard","5":"has-post-thumbnail","7":"category-destaques","8":"category-espelho-da-vida","9":"category-novelas","10":"category-rede-globo","11":"category-televisao","12":"tag-variedades"},"_links":{"self":[{"href":"https:\/\/migracao.redenoticia.com.br\/noticia\/wp-json\/wp\/v2\/posts\/161417","targetHints":{"allow":["GET"]}}],"collection":[{"href":"https:\/\/migracao.redenoticia.com.br\/noticia\/wp-json\/wp\/v2\/posts"}],"about":[{"href":"https:\/\/migracao.redenoticia.com.br\/noticia\/wp-json\/wp\/v2\/types\/post"}],"author":[{"embeddable":true,"href":"https:\/\/migracao.redenoticia.com.br\/noticia\/wp-json\/wp\/v2\/users\/4"}],"replies":[{"embeddable":true,"href":"https:\/\/migracao.redenoticia.com.br\/noticia\/wp-json\/wp\/v2\/comments?post=161417"}],"version-history":[{"count":0,"href":"https:\/\/migracao.redenoticia.com.br\/noticia\/wp-json\/wp\/v2\/posts\/161417\/revisions"}],"wp:featuredmedia":[{"embeddable":true,"href":"https:\/\/migracao.redenoticia.com.br\/noticia\/wp-json\/wp\/v2\/media\/153373"}],"wp:attachment":[{"href":"https:\/\/migracao.redenoticia.com.br\/noticia\/wp-json\/wp\/v2\/media?parent=161417"}],"wp:term":[{"taxonomy":"category","embeddable":true,"href":"https:\/\/migracao.redenoticia.com.br\/noticia\/wp-json\/wp\/v2\/categories?post=161417"},{"taxonomy":"post_tag","embeddable":true,"href":"https:\/\/migracao.redenoticia.com.br\/noticia\/wp-json\/wp\/v2\/tags?post=161417"}],"curies":[{"name":"wp","href":"https:\/\/api.w.org\/{rel}","templated":true}]}}