{"id":161477,"date":"2018-12-10T23:56:44","date_gmt":"2018-12-11T01:56:44","guid":{"rendered":"https:\/\/www.redenoticia.com.br\/noticia\/?p=161477"},"modified":"2018-12-10T20:04:08","modified_gmt":"2018-12-10T22:04:08","slug":"estado-de-sao-paulo-pode-ganhar-dois-distritos-de-inovacao","status":"publish","type":"post","link":"https:\/\/migracao.redenoticia.com.br\/noticia\/2018\/estado-de-sao-paulo-pode-ganhar-dois-distritos-de-inovacao\/161477","title":{"rendered":"Estado de S\u00e3o Paulo pode ganhar dois distritos de inova\u00e7\u00e3o"},"content":{"rendered":"<p>Elton Alisson\u00a0 |\u00a0\u00a0Ag\u00eancia FAPESP\u00a0\u2013 O Estado de S\u00e3o Paulo pode ganhar, nos pr\u00f3ximos anos, dois <strong><em>distritos de inova\u00e7\u00e3o<\/em><\/strong> \u2013 como s\u00e3o chamadas as \u00e1reas em regi\u00f5es j\u00e1 consolidadas de cidades que re\u00fanem empresas, universidades, institui\u00e7\u00f5es de pesquisa, incubadoras e startups, favorecendo o surgimento de ideias inovadoras e criativas, como no Vale do Sil\u00edcio, nos Estados Unidos.<\/p>\n<p>Um dos distritos dever\u00e1 ser situado onde hoje est\u00e1 instalada a Companhia de Entrepostos e Armaz\u00e9ns Gerais de S\u00e3o Paulo (Ceagesp), na Vila Leopoldina, e o segundo na Fazenda Argentina \u2013 uma \u00e1rea de 1,4 milh\u00e3o de metros quadrados (m\u00b2), em Campinas, adquirida, em 2014, pela Universidade Estadual de Campinas (Unicamp).<\/p>\n<p>A fim de viabilizar esses projetos, a FAPESP, em parceria com a Funda\u00e7\u00e3o Instituto de Pesquisas Econ\u00f4micas (Fipe), est\u00e1 desenvolvendo um projeto com o objetivo de estabelecer par\u00e2metros conceituais e operacionais para a instala\u00e7\u00e3o desses ambientes de inova\u00e7\u00e3o e criatividade em S\u00e3o Paulo e Campinas.<\/p>\n<p>\u201cA FAPESP est\u00e1 comprometida com essas iniciativas, que exigir\u00e3o agregar nessas \u00e1reas diferentes esferas dos governos, atores da sociedade civil, grandes empresas e startups. Tamb\u00e9m ser\u00e1 preciso estabelecer uma governan\u00e7a compartilhada a fim de garantir tempo e estabilidade para a matura\u00e7\u00e3o desses projetos\u201d, disse Eduardo Moacyr Krieger, vice-presidente da FAPESP, durante a Confer\u00eancia Internacional Distritos de Inova\u00e7\u00e3o, que ocorreu dia 22\/11, na FAPESP.<\/p>\n<p>A oportunidade de criar um distrito de inova\u00e7\u00e3o onde hoje est\u00e1 localizada a Ceagesp surgiu com a recente decis\u00e3o do governo do Estado de S\u00e3o Paulo de transferir o maior entreposto atacadista de alimentos do pa\u00eds para outra \u00e1rea.<\/p>\n<p>A partir dessa decis\u00e3o, expressa por meio de uma manifesta\u00e7\u00e3o de interesse p\u00fablico, representantes da Prefeitura Municipal de S\u00e3o Paulo come\u00e7aram a se mobilizar para iniciar um projeto com o objetivo de estudar novos cen\u00e1rios de ocupa\u00e7\u00e3o da \u00e1rea da gleba Ceagesp, de 650 mil m\u00b2, e firmaram uma parceria com a FAPESP.<\/p>\n<p>Em raz\u00e3o da vizinhan\u00e7a da Ceagesp \u2013 localizada ao lado da Universidade de S\u00e3o Paulo (USP), do Instituto de Pesquisas Tecnol\u00f3gicas (IPT) e do Instituto Butantan \u2013, uma das propostas surgidas foi a de transform\u00e1-la em um distrito de inova\u00e7\u00e3o.<\/p>\n<p>\u201cO projeto tem um eixo jur\u00eddico importante, al\u00e9m de um urban\u00edstico e outro econ\u00f4mico, com o intuito de constituir as base de financiamento das iniciativas de inova\u00e7\u00e3o que se pretende realizar naquela \u00e1rea\u201d, disse Andrea Calabi, coordenador do projeto de implanta\u00e7\u00e3o de ambientes de inova\u00e7\u00e3o e criatividade no Estado de S\u00e3o Paulo.<\/p>\n<p>Recentemente, a Unicamp tamb\u00e9m decidiu transformar a Fazenda Argentina \u2013 situada no polo II da Companhia de Desenvolvimento do Polo de Alta Tecnologia de Campinas (Ciatec) \u2013 em um\u00a0hub\u00a0internacional para o desenvolvimento sustent\u00e1vel.<\/p>\n<p>A Prefeitura Municipal de Campinas concordou em criar ao redor da \u00e1rea um distrito de inova\u00e7\u00e3o. O projeto pode ser a semente para a cria\u00e7\u00e3o de uma\u00a0smart city\u00a0(cidade inteligente), disse Marco Aur\u00e9lio Pinheiro Lima, diretor executivo de planejamento integrado da Unicamp.<\/p>\n<p>\u201cO projeto foi apresentado \u00e0 FAPESP, que aceitou nos ajudar a viabiliz\u00e1-lo, uma vez que apresenta grandes desafios de implanta\u00e7\u00e3o\u201d, disse Lima durante o evento.<\/p>\n<p>A fim de desenvolver as modelagens jur\u00eddica, institucional, financeira e urban\u00edstica para viabilizar os projetos de constru\u00e7\u00e3o de distritos de inova\u00e7\u00e3o na gleba Ceagesp e na Fazenda Argentina, a FAPESP convidou a Fipe para participar da iniciativa.<\/p>\n<p>\u201cSabemos que esses dois empreendimentos s\u00e3o de longo prazo. S\u00f3 a transfer\u00eancia da Ceagesp vai exigir um longo tempo de matura\u00e7\u00e3o do projeto, mas ele precisa ser pensado e planejado com muita anteced\u00eancia\u201d, disse Carlos Am\u00e9rico Pacheco, diretor-presidente do Conselho T\u00e9cnico-Administrativo (CTA) da FAPESP, durante o evento.<\/p>\n<p>Concentrados de cidades<\/p>\n<p>De acordo com Danilo Camargo Igliori, professor da Faculdade de Economia, Administra\u00e7\u00e3o e Contabilidade da USP, h\u00e1 mais de 100 distritos de inova\u00e7\u00e3o mapeados no mundo. Entre eles est\u00e3o o 22@ em Barcelona, na Espanha, o Ruta N, em Medell\u00edn, na Col\u00f4mbia, o Distrito Tecnol\u00f3gico de Buenos Aires, na Argentina, o Porto Digital no Recife, em Pernambuco, e o MaRS, em Toronto, no Canad\u00e1.<\/p>\n<p>Em comum, esses distritos de inova\u00e7\u00e3o s\u00f3 foram poss\u00edveis de serem constru\u00eddos por meio do apoio p\u00fablico e de parcerias com a iniciativa privada, avaliou.<\/p>\n<p>\u201cEm alguns lugares no mundo, h\u00e1 alguns distritos de inova\u00e7\u00e3o que se formaram sem apoio p\u00fablico. Mas isso \u00e9 muito raro\u201d, afirmou.<\/p>\n<p>\u201cSabemos que, para viabilizar esses ambientes de inova\u00e7\u00e3o, \u00e9 preciso ter uma articula\u00e7\u00e3o entre o setor p\u00fablico e o privado e as universidades e institui\u00e7\u00f5es de pesquisa\u201d, disse.<\/p>\n<p>Outra semelhan\u00e7a entre esses distritos de inova\u00e7\u00e3o, segundo Igliori, \u00e9 que s\u00e3o \u201cconcentrados de cidade\u201d, no sentido de que potencializam intera\u00e7\u00f5es formais e informais que acontecem na cidade, mas em um espa\u00e7o menor.<\/p>\n<p>\u201cAs intera\u00e7\u00f5es que acontecem nos distritos de inova\u00e7\u00e3o tamb\u00e9m ocorrem nas cidades quando elas funcionam bem. A diferen\u00e7a de um distrito de inova\u00e7\u00e3o \u00e9 que ele possibilita multiplicar essas intera\u00e7\u00f5es\u201d, afirmou.<\/p>\n<p>Os resultados das intera\u00e7\u00f5es que acontecem nos distritos de inova\u00e7\u00e3o acabam transbordando e mudando a paisagem das cidades, como comprovaram os exemplos internacionais.<\/p>\n<p>Um dos primeiros distritos de inova\u00e7\u00e3o no mundo, junto com o de Boston, o 22@ em Barcelona, que entrou em opera\u00e7\u00e3o em 2000, possibilitou transformar a regi\u00e3o industrial de Poblenou em um polo pujante de inova\u00e7\u00e3o e criatividade.<\/p>\n<p>Conhecida como a \u201cManchester catal\u00e3\u201d, a regi\u00e3o come\u00e7ou a entrar em decl\u00ednio no in\u00edcio da d\u00e9cada de 1960. A reconfigura\u00e7\u00e3o come\u00e7ou a ser planejada no final da d\u00e9cada de 1990, quando Barcelona passou por transforma\u00e7\u00f5es urban\u00edsticas em raz\u00e3o das Olimp\u00edadas e se come\u00e7ou a pensar no que fazer com aquela \u00e1rea industrial.<\/p>\n<p>Uma das ideias era convert\u00ea-la em novos bairros residenciais. Um grupo de intelectuais, economistas e urbanistas defendeu, contudo, que n\u00e3o se devia perder o car\u00e1ter econ\u00f4mico e produtivo de Poblenou. A proposta foi encampada pelo prefeito da cidade na \u00e9poca, que decidiu criar as bases para transformar a \u00e1rea de um polo de manufatura obsoleto em um polo de economia do conhecimento.<\/p>\n<p>\u201cO 22@ representa uma estrat\u00e9gia urban\u00edstica, econ\u00f4mica e social\u201d, disse David Mart\u00ednez Garcia, diretor do comit\u00ea do 22@ na C\u00e2mara Municipal de Barcelona, durante o evento.<\/p>\n<p>\u201cA ideia foi atrair para Poblenou empresas de base tecnol\u00f3gica, al\u00e9m de universidades, para ajudar a introduzir novas atividades econ\u00f4micas na regi\u00e3o baseadas, fundamentalmente, na economia do conhecimento, que era algo in\u00e9dito nos anos 1990\u201d, afirmou.<\/p>\n<p>Segundo Garcia, das 10.308 empresas de Barcelona, 4.342 est\u00e3o localizadas no 22@. O distrito de inova\u00e7\u00e3o catal\u00e3o \u00e9 respons\u00e1vel pela gera\u00e7\u00e3o de 51% dos empregos e 52% do faturamento de Barcelona.<\/p>\n<p>O projeto passa atualmente por um processo de atualiza\u00e7\u00e3o e entrou em uma segunda fase. Participam dessa etapa do projeto todos os envolvidos, como as empresas, universidades, investidores, representantes do governo e a comunidade no entorno.<\/p>\n<p>http:\/\/agencia.fapesp.br\/noticias\/<\/p>\n","protected":false},"excerpt":{"rendered":"<p>Elton Alisson\u00a0 |\u00a0\u00a0Ag\u00eancia FAPESP\u00a0\u2013 O Estado de S\u00e3o Paulo pode ganhar, nos pr\u00f3ximos anos, dois distritos de inova\u00e7\u00e3o \u2013 como s\u00e3o chamadas as \u00e1reas em regi\u00f5es j\u00e1 consolidadas de cidades que re\u00fanem empresas, universidades, institui\u00e7\u00f5es de pesquisa, incubadoras e startups, favorecendo o surgimento de ideias inovadoras e criativas, como no Vale do Sil\u00edcio, nos Estados [&hellip;]<\/p>\n","protected":false},"author":2,"featured_media":148463,"comment_status":"open","ping_status":"closed","sticky":false,"template":"","format":"standard","meta":{"tdm_status":"","tdm_grid_status":"","footnotes":""},"categories":[22,388,7],"tags":[],"class_list":{"0":"post-161477","1":"post","2":"type-post","3":"status-publish","4":"format-standard","5":"has-post-thumbnail","7":"category-brasil","8":"category-destaques","9":"category-economia"},"_links":{"self":[{"href":"https:\/\/migracao.redenoticia.com.br\/noticia\/wp-json\/wp\/v2\/posts\/161477","targetHints":{"allow":["GET"]}}],"collection":[{"href":"https:\/\/migracao.redenoticia.com.br\/noticia\/wp-json\/wp\/v2\/posts"}],"about":[{"href":"https:\/\/migracao.redenoticia.com.br\/noticia\/wp-json\/wp\/v2\/types\/post"}],"author":[{"embeddable":true,"href":"https:\/\/migracao.redenoticia.com.br\/noticia\/wp-json\/wp\/v2\/users\/2"}],"replies":[{"embeddable":true,"href":"https:\/\/migracao.redenoticia.com.br\/noticia\/wp-json\/wp\/v2\/comments?post=161477"}],"version-history":[{"count":0,"href":"https:\/\/migracao.redenoticia.com.br\/noticia\/wp-json\/wp\/v2\/posts\/161477\/revisions"}],"wp:featuredmedia":[{"embeddable":true,"href":"https:\/\/migracao.redenoticia.com.br\/noticia\/wp-json\/wp\/v2\/media\/148463"}],"wp:attachment":[{"href":"https:\/\/migracao.redenoticia.com.br\/noticia\/wp-json\/wp\/v2\/media?parent=161477"}],"wp:term":[{"taxonomy":"category","embeddable":true,"href":"https:\/\/migracao.redenoticia.com.br\/noticia\/wp-json\/wp\/v2\/categories?post=161477"},{"taxonomy":"post_tag","embeddable":true,"href":"https:\/\/migracao.redenoticia.com.br\/noticia\/wp-json\/wp\/v2\/tags?post=161477"}],"curies":[{"name":"wp","href":"https:\/\/api.w.org\/{rel}","templated":true}]}}