{"id":161486,"date":"2018-12-10T23:54:56","date_gmt":"2018-12-11T01:54:56","guid":{"rendered":"https:\/\/www.redenoticia.com.br\/noticia\/?p=161486"},"modified":"2018-12-10T19:48:09","modified_gmt":"2018-12-10T21:48:09","slug":"centro-de-estudos-da-usp-oferece-curso-de-gestao-de-projetos-culturais","status":"publish","type":"post","link":"https:\/\/migracao.redenoticia.com.br\/noticia\/2018\/centro-de-estudos-da-usp-oferece-curso-de-gestao-de-projetos-culturais\/161486","title":{"rendered":"Centro de estudos da USP oferece curso de Gest\u00e3o de Projetos Culturais"},"content":{"rendered":"<p> Ag\u00eancia FAPESP\u00a0\u2013 O Centro de Estudos Latino-Americanos sobre Comunica\u00e7\u00e3o e Cultura (Celacc) da USP est\u00e1 com inscri\u00e7\u00f5es abertas at\u00e9 14 de dezembro de 2018 para o curso de especializa\u00e7\u00e3o em <strong><em>Gest\u00e3o de Projetos Culturais<\/em><\/strong>. O programa procura atingir os diversos aspectos da produ\u00e7\u00e3o cultural contempor\u00e2nea, incluindo as dimens\u00f5es te\u00f3rico-conceituais e pr\u00e1ticas para o exerc\u00edcio da profiss\u00e3o.<\/p>\n<p>O curso \u00e9 voltado para profissionais graduados em todas as \u00e1reas, inclusive tecnol\u00f3gica, que buscam a educa\u00e7\u00e3o continuada, a qualifica\u00e7\u00e3o permanente ou o redirecionamento de carreira. Segundo os respons\u00e1veis, a especializa\u00e7\u00e3o surge da necessidade de preparar profissionais aptos a atuar no mercado cultural: curadoria, produ\u00e7\u00e3o e gest\u00e3o.<\/p>\n<p>A grade curricular do curso incluir\u00e1 as disciplinas: Arte Brasileira Contempor\u00e2nea, Cultura e diversidade no Brasil, Teorias da Cultura, Gest\u00e3o de Projetos Culturais, Pol\u00edticas Culturais e mecanismos de incentivo, Marketing e Comunica\u00e7\u00e3o para Projetos Culturais, Leitura e Produ\u00e7\u00e3o Textual, Semin\u00e1rios Avan\u00e7ados e Metodologia da Pesquisa em bens simb\u00f3licos.<\/p>\n<p>A prova ser\u00e1 realizada em dois dias, em 23 de janeiro e 26 de janeiro de 2019; o candidato poder\u00e1 escolher uma dessas datas para realizar a prova. O local de realiza\u00e7\u00e3o ser\u00e1 a Escola de Comunica\u00e7\u00f5es e Artes da USP, situada na av. Professor L\u00facio Martins Rodrigues, 443, Cidade Universit\u00e1ria, S\u00e3o Paulo.<\/p>\n<p>Os interessados em se inscrever devem acessar o\u00a0\u00a0e pagar taxa de R$ 60.<\/p>\n<p>Mais informa\u00e7\u00f5es:\u00a0.<\/p>\n<p> http:\/\/agencia.fapesp.br\/noticias\/<\/p>\n","protected":false},"excerpt":{"rendered":"<p>Ag\u00eancia FAPESP\u00a0\u2013 O Centro de Estudos Latino-Americanos sobre Comunica\u00e7\u00e3o e Cultura (Celacc) da USP est\u00e1 com inscri\u00e7\u00f5es abertas at\u00e9 14 de dezembro de 2018 para o curso de especializa\u00e7\u00e3o em Gest\u00e3o de Projetos Culturais. O programa procura atingir os diversos aspectos da produ\u00e7\u00e3o cultural contempor\u00e2nea, incluindo as dimens\u00f5es te\u00f3rico-conceituais e pr\u00e1ticas para o exerc\u00edcio da [&hellip;]<\/p>\n","protected":false},"author":2,"featured_media":148154,"comment_status":"open","ping_status":"closed","sticky":false,"template":"","format":"standard","meta":{"tdm_status":"","tdm_grid_status":"","footnotes":""},"categories":[351,370],"tags":[],"class_list":{"0":"post-161486","1":"post","2":"type-post","3":"status-publish","4":"format-standard","5":"has-post-thumbnail","7":"category-cursos","8":"category-inscricao"},"_links":{"self":[{"href":"https:\/\/migracao.redenoticia.com.br\/noticia\/wp-json\/wp\/v2\/posts\/161486","targetHints":{"allow":["GET"]}}],"collection":[{"href":"https:\/\/migracao.redenoticia.com.br\/noticia\/wp-json\/wp\/v2\/posts"}],"about":[{"href":"https:\/\/migracao.redenoticia.com.br\/noticia\/wp-json\/wp\/v2\/types\/post"}],"author":[{"embeddable":true,"href":"https:\/\/migracao.redenoticia.com.br\/noticia\/wp-json\/wp\/v2\/users\/2"}],"replies":[{"embeddable":true,"href":"https:\/\/migracao.redenoticia.com.br\/noticia\/wp-json\/wp\/v2\/comments?post=161486"}],"version-history":[{"count":0,"href":"https:\/\/migracao.redenoticia.com.br\/noticia\/wp-json\/wp\/v2\/posts\/161486\/revisions"}],"wp:featuredmedia":[{"embeddable":true,"href":"https:\/\/migracao.redenoticia.com.br\/noticia\/wp-json\/wp\/v2\/media\/148154"}],"wp:attachment":[{"href":"https:\/\/migracao.redenoticia.com.br\/noticia\/wp-json\/wp\/v2\/media?parent=161486"}],"wp:term":[{"taxonomy":"category","embeddable":true,"href":"https:\/\/migracao.redenoticia.com.br\/noticia\/wp-json\/wp\/v2\/categories?post=161486"},{"taxonomy":"post_tag","embeddable":true,"href":"https:\/\/migracao.redenoticia.com.br\/noticia\/wp-json\/wp\/v2\/tags?post=161486"}],"curies":[{"name":"wp","href":"https:\/\/api.w.org\/{rel}","templated":true}]}}