{"id":161533,"date":"2018-12-11T00:39:03","date_gmt":"2018-12-11T02:39:03","guid":{"rendered":"https:\/\/www.redenoticia.com.br\/noticia\/?p=161533"},"modified":"2018-12-18T17:15:21","modified_gmt":"2018-12-18T19:15:21","slug":"novela-jesus-resumo-12-12-claudia-estranha-a-ausencia-de-temina","status":"publish","type":"post","link":"https:\/\/migracao.redenoticia.com.br\/noticia\/2018\/novela-jesus-resumo-12-12-claudia-estranha-a-ausencia-de-temina\/161533","title":{"rendered":"Novela \u201cJesus\u201d resumo 12\/12: Claudia estranha a aus\u00eancia de Temina"},"content":{"rendered":"<p> <em><strong>Novela \u201cJesus\u201d resumo 12\/12<\/strong><\/em>: no capitulo 102 (*) da novela \u201cJesus\u201d, quarta-feira, 12 de dezembro, Pedro consegue salvar Jo\u00e3o. Os ap\u00f3stolos se explicam para o centuri\u00e3o romano. Zebedeu avisa que chamar\u00e1 Corn\u00e9lius. Mateus se irrita com Asisa ao saber que ela armou contra os ap\u00f3stolos. Zebedeu avisa a Corn\u00e9lius. Temina tenta seduzir Petronius e acaba confessando que trabalhava para Caif\u00e1s. Barrab\u00e1s exige sua parte na devolu\u00e7\u00e3o do corb\u00e3. Nicodemos critica o Sumo-Sacerdote. Jesus, Pedro, Tiago Maior e Jo\u00e3o sobrem o Monte Hermom. Mateus chega at\u00e9 a casa de Pedro e diz que Asisa prestou falso testemunho. Pilatos diz que usar\u00e1 Temina para levar informa\u00e7\u00f5es falsas sobre o pal\u00e1cio. O centuri\u00e3o romano interroga alguns judeus. Claudia estranha a aus\u00eancia de Temina. Pilatos ordena que Temina leve informa\u00e7\u00f5es falsas para Caif\u00e1s e n\u00e3o diga nada a ningu\u00e9m sobre a nova orienta\u00e7\u00e3o.<\/p>\n<p>O centuri\u00e3o romano tenta abusar de Maria Madalena, mas \u00e9 impedido por Corn\u00e9lius e Maria. Barrab\u00e1s diz que destruir\u00e1 Petronius. F\u00edlon e Abel bebem na hospedaria. Os ap\u00f3stolos estranham o comportamento de Maria Madalena. Jesus e os tr\u00eas disc\u00edpulos avistam uma raposa enquanto sobrem a montanha. Temina disfar\u00e7a diante de Claudia. Mirian questiona Asisa. Deborah diz que quer reencontrar seu filho. Corn\u00e9lius pede Sara em casamento. Satan\u00e1s observa Maria Madalena. Um pai com seu filho Lun\u00e1tico implora para ver Jesus. O Messias chega ao topo do Monte Hermom com Pedro, Tiago e Jo\u00e3o. Os ap\u00f3stolos se surpreendem ao verem as vestes de Jesus tornarem-se brancas como a luz.<\/p>\n<p>(*) edi\u00e7\u00e3o da Rede Record, Novela \u201cJesus\u201d, sujeito a altera\u00e7\u00e3o de data e conte\u00fado.<\/p>\n<p>\u201cJesus\u201d &#8211; Ap\u00f3s receber a anuncia\u00e7\u00e3o de que o filho de Deus estava a caminho, Maria (Cl\u00e1udia Mauro) d\u00e1 a luz ao escolhido e, junto com o marido Jos\u00e9 (Michel Bercovitch), cria com valores e bons princ\u00edpios o jovem escolhido Jesus (Dudu Azevedo). A profecia do escolhido incomoda o rei Herodes (Paulo Gorgulho), que passa a perseguir a fam\u00edlia, for\u00e7ando Maria e Jos\u00e9 a criarem Jesus como um jovem comum longe de sua miss\u00e3o.<\/p>\n","protected":false},"excerpt":{"rendered":"<p>Novela \u201cJesus\u201d resumo 12\/12: no capitulo 102 (*) da novela \u201cJesus\u201d, quarta-feira, 12 de dezembro, Pedro consegue salvar Jo\u00e3o. Os ap\u00f3stolos se explicam para o centuri\u00e3o romano. Zebedeu avisa que chamar\u00e1 Corn\u00e9lius. Mateus se irrita com Asisa ao saber que ela armou contra os ap\u00f3stolos. Zebedeu avisa a Corn\u00e9lius. Temina tenta seduzir Petronius e acaba [&hellip;]<\/p>\n","protected":false},"author":2,"featured_media":148138,"comment_status":"open","ping_status":"closed","sticky":false,"template":"","format":"standard","meta":{"tdm_status":"","tdm_grid_status":"","footnotes":""},"categories":[488,379,371,343],"tags":[441],"class_list":{"0":"post-161533","1":"post","2":"type-post","3":"status-publish","4":"format-standard","5":"has-post-thumbnail","7":"category-jesus","8":"category-novelas","9":"category-rede-record","10":"category-televisao","11":"tag-resumo-do-dia"},"_links":{"self":[{"href":"https:\/\/migracao.redenoticia.com.br\/noticia\/wp-json\/wp\/v2\/posts\/161533","targetHints":{"allow":["GET"]}}],"collection":[{"href":"https:\/\/migracao.redenoticia.com.br\/noticia\/wp-json\/wp\/v2\/posts"}],"about":[{"href":"https:\/\/migracao.redenoticia.com.br\/noticia\/wp-json\/wp\/v2\/types\/post"}],"author":[{"embeddable":true,"href":"https:\/\/migracao.redenoticia.com.br\/noticia\/wp-json\/wp\/v2\/users\/2"}],"replies":[{"embeddable":true,"href":"https:\/\/migracao.redenoticia.com.br\/noticia\/wp-json\/wp\/v2\/comments?post=161533"}],"version-history":[{"count":0,"href":"https:\/\/migracao.redenoticia.com.br\/noticia\/wp-json\/wp\/v2\/posts\/161533\/revisions"}],"wp:featuredmedia":[{"embeddable":true,"href":"https:\/\/migracao.redenoticia.com.br\/noticia\/wp-json\/wp\/v2\/media\/148138"}],"wp:attachment":[{"href":"https:\/\/migracao.redenoticia.com.br\/noticia\/wp-json\/wp\/v2\/media?parent=161533"}],"wp:term":[{"taxonomy":"category","embeddable":true,"href":"https:\/\/migracao.redenoticia.com.br\/noticia\/wp-json\/wp\/v2\/categories?post=161533"},{"taxonomy":"post_tag","embeddable":true,"href":"https:\/\/migracao.redenoticia.com.br\/noticia\/wp-json\/wp\/v2\/tags?post=161533"}],"curies":[{"name":"wp","href":"https:\/\/api.w.org\/{rel}","templated":true}]}}