{"id":161544,"date":"2018-12-14T00:22:26","date_gmt":"2018-12-14T02:22:26","guid":{"rendered":"https:\/\/www.redenoticia.com.br\/noticia\/?p=161544"},"modified":"2018-12-18T16:49:05","modified_gmt":"2018-12-18T18:49:05","slug":"a-fazenda-10-conectada-votacao-final-movimenta-a-enquete","status":"publish","type":"post","link":"https:\/\/migracao.redenoticia.com.br\/noticia\/2018\/a-fazenda-10-conectada-votacao-final-movimenta-a-enquete\/161544","title":{"rendered":"&#8220;A Fazenda&#8221; 10 + Conectada: vota\u00e7\u00e3o final movimentou a enquete"},"content":{"rendered":"<p> <strong><em>&#8220;A Fazenda&#8221;<\/em><\/strong> 10 (2018): Os tr\u00eas finalistas disputam o grande pr\u00eamio: Ca\u00edque Aguiar venceu uma prova de obst\u00e1culos e se classificou como primeiro finalista. Rafael Ilha, Evandro Santo e Jo\u00e3o Zoli receberam os votos do p\u00fablico e conquistaram as duas vagas finais.<\/p>\n<p>Evandro Santo recebeu apenas 30% dos votos do p\u00fablico e se despediu de &#8220;A Fazenda&#8221; 2018. Em 10\/12, Jo\u00e3o Zoli foi o grande vencedor de uma prova especial e ganhou R$ 30 mil. Jo\u00e3o comemorou muito a vit\u00f3ria e foi aplaudido pelos demais pe\u00f5es. <\/p>\n<p>Com 62,51% dos votos, Rafael venceu &#8220;A Fazenda&#8221; 10.<\/p>\n<p><script type=\"text\/javascript\" charset=\"utf-8\" data-cfasync=\"false\" src=\"https:\/\/secure.polldaddy.com\/p\/10170494.js\"><\/script><br \/>\n<noscript><a href=\"https:\/\/poll.fm\/10170494\">Qual pe\u00e3o merece vencer esta temporada?<\/a><\/noscript><\/p>\n<p>Se voc\u00ea n\u00e3o est\u00e1 vendo a enquete &#8220;A Fazenda&#8221; 10, clique no link &#8211; <a href=\"https:\/\/migracao.redenoticia.com.br\/noticia\/2018\/a-fazenda-10-2018-enquete-qual-peao-merece-vencer-esta-temporada\/159250\">qual pe\u00e3o merece vencer esta temporada?<\/a><\/p>\n<p>Resultado parcial<br \/>\n11\/12 13h27 Rafael Ilha 52,49%; Jo\u00e3o Zoli 45,57%; Ca\u00edque Aguiar 1,94%. Total de Votos 19.293.<br \/>\n12\/12 10h52 Rafael Ilha 61,58%; Jo\u00e3o Zoli 36,80%; Ca\u00edque Aguiar 1,62%. Total de Votos 31.144.<br \/>\n&#8212;<\/p>\n<p>Equipe \u00c1gua 2018 &#8211; Leo Stronda; Ca\u00edque Aguiar; Gabi Prado; Fernanda Lacerda; Perlla; Ana Paula Renault; Nadja Pessoa; Luane Dias.<\/p>\n<p>Equipe Terra 2018 &#8211; Rafael Ilha; Alo\u00edsio Chulapa; Evandro Santo; Vida Vlatt; Felipe Sertanejo; C\u00e1tia Paganote; Jo\u00e3o Zoli; Sandro Pedroso.<\/p>\n<p>&#8220;A Fazenda&#8221; Record<\/p>\n","protected":false},"excerpt":{"rendered":"<p>&#8220;A Fazenda&#8221; 10 (2018): Os tr\u00eas finalistas disputam o grande pr\u00eamio: Ca\u00edque Aguiar venceu uma prova de obst\u00e1culos e se classificou como primeiro finalista. Rafael Ilha, Evandro Santo e Jo\u00e3o Zoli receberam os votos do p\u00fablico e conquistaram as duas vagas finais. Evandro Santo recebeu apenas 30% dos votos do p\u00fablico e se despediu de [&hellip;]<\/p>\n","protected":false},"author":2,"featured_media":152826,"comment_status":"open","ping_status":"closed","sticky":false,"template":"","format":"standard","meta":{"tdm_status":"","tdm_grid_status":"","footnotes":""},"categories":[406,371,343],"tags":[521],"class_list":{"0":"post-161544","1":"post","2":"type-post","3":"status-publish","4":"format-standard","5":"has-post-thumbnail","7":"category-a-fazenda","8":"category-rede-record","9":"category-televisao","10":"tag-enquete"},"_links":{"self":[{"href":"https:\/\/migracao.redenoticia.com.br\/noticia\/wp-json\/wp\/v2\/posts\/161544","targetHints":{"allow":["GET"]}}],"collection":[{"href":"https:\/\/migracao.redenoticia.com.br\/noticia\/wp-json\/wp\/v2\/posts"}],"about":[{"href":"https:\/\/migracao.redenoticia.com.br\/noticia\/wp-json\/wp\/v2\/types\/post"}],"author":[{"embeddable":true,"href":"https:\/\/migracao.redenoticia.com.br\/noticia\/wp-json\/wp\/v2\/users\/2"}],"replies":[{"embeddable":true,"href":"https:\/\/migracao.redenoticia.com.br\/noticia\/wp-json\/wp\/v2\/comments?post=161544"}],"version-history":[{"count":0,"href":"https:\/\/migracao.redenoticia.com.br\/noticia\/wp-json\/wp\/v2\/posts\/161544\/revisions"}],"wp:featuredmedia":[{"embeddable":true,"href":"https:\/\/migracao.redenoticia.com.br\/noticia\/wp-json\/wp\/v2\/media\/152826"}],"wp:attachment":[{"href":"https:\/\/migracao.redenoticia.com.br\/noticia\/wp-json\/wp\/v2\/media?parent=161544"}],"wp:term":[{"taxonomy":"category","embeddable":true,"href":"https:\/\/migracao.redenoticia.com.br\/noticia\/wp-json\/wp\/v2\/categories?post=161544"},{"taxonomy":"post_tag","embeddable":true,"href":"https:\/\/migracao.redenoticia.com.br\/noticia\/wp-json\/wp\/v2\/tags?post=161544"}],"curies":[{"name":"wp","href":"https:\/\/api.w.org\/{rel}","templated":true}]}}