{"id":1616,"date":"2009-05-13T23:16:11","date_gmt":"2009-05-14T03:16:11","guid":{"rendered":"http:\/\/www.redenoticia.com.br\/noticia\/?p=1616"},"modified":"2009-05-13T23:16:11","modified_gmt":"2009-05-14T03:16:11","slug":"ovinocultura-e-tema-de-encontro-em-porto-velho","status":"publish","type":"post","link":"https:\/\/migracao.redenoticia.com.br\/noticia\/2009\/ovinocultura-e-tema-de-encontro-em-porto-velho\/1616","title":{"rendered":"Ovinocultura \u00e9 tema de encontro em Porto Velho"},"content":{"rendered":"<p><span style=\"font-family: Arial; color: windowtext;\">Produtores, autoridades p\u00fablicas ligadas ao setor e acad\u00eamicos da \u00e1rea lotaram o audit\u00f3rio da Emater-Ro na manh\u00e3 desta quarta-feira, 13, para participar do encontro que discute a ovinocultura em Rond\u00f4nia. Este \u00e9 o primeiro de uma s\u00e9rie de debates promovidos pela Secretaria Estadual de Agricultura, Pecu\u00e1ria e Regulariza\u00e7\u00e3o Fundi\u00e1ria (Seagri) em parceria com a Emater e a Embrapa. O objetivo \u00e9 promover, regularmente, essas reuni\u00f5es com t\u00e9cnicos das institui\u00e7\u00f5es afins para nivelar os conhecimentos e elaborar metas para viabilizar a revis\u00e3o do sistema de produ\u00e7\u00e3o.<\/span><\/p>\n<p><span style=\"font-family: Arial; color: windowtext;\">Na primeira palestra do encontro, o pesquisador da Embrapa, Ricardo Gomes Pereira, abordou o Hist\u00f3rico, Papel, e Import\u00e2ncia dos Ovinos em Rond\u00f4nia. Em seguida, Sandra de Paula Carvalho, m\u00e9dica veterin\u00e1ria da Seagri, ministrou uma palestra sobre o Diagn\u00f3stico da Ovinocultura de Rond\u00f4nia. Depois foi a vez do veterin\u00e1rio Fabiano Alexandre dos Santos, da Idaron, falar sobre o Programa Nacional de Sanidade dos Caprinos e Ovinos. <\/span><\/p>\n<p><span style=\"font-family: Arial; color: windowtext;\">Os participantes ainda tiveram a oportunidade de ampliar os conhecimentos sobre alimenta\u00e7\u00e3o e pastagens para Ovinos, durante a palestra do pesquisador da Embrapa, Cl\u00e1udio Ramalho Townsend. Outro ponto abordado no encontro versou sobre o Controle de endo e ectoparasitas em ovinos, em palestra ministrada pelo pesquisador da Embrapa, Francelino Goulart da Silva Neto.<\/span><\/p>\n<p><span style=\"font-family: Arial; color: windowtext;\">O secret\u00e1rio estadual de Agricultura, Carlos Magno, destacou que o encontro sobre a ovinocultura tem o objetivo de fortalecer a cadeia produtiva da ovinocultura, fortificando os seus principais elos, principalmente produ\u00e7\u00e3o, processamento e a comercializa\u00e7\u00e3o. Magno apontou a necessidade de buscar parcerias e solu\u00e7\u00f5es para o principal gargalo da atividade que \u00e9 a comercializa\u00e7\u00e3o. \u201cTemos que buscar a inser\u00e7\u00e3o dos produtos da ovinocultura no mercado, favorecendo sua comercializa\u00e7\u00e3o, gerando ocupa\u00e7\u00e3o e renda de forma sustent\u00e1vel para a agricultura familiar, melhorando cada vez mais a vida do homem do campo\u201d, concluiu. <\/span><\/p>\n","protected":false},"excerpt":{"rendered":"<p>Produtores, autoridades p\u00fablicas ligadas ao setor e acad\u00eamicos da \u00e1rea lotaram o audit\u00f3rio da Emater-Ro na manh\u00e3 desta quarta-feira, 13, para participar do encontro que discute a ovinocultura em Rond\u00f4nia. Este \u00e9 o primeiro de uma s\u00e9rie de debates promovidos pela Secretaria Estadual de Agricultura, Pecu\u00e1ria e Regulariza\u00e7\u00e3o Fundi\u00e1ria (Seagri) em parceria com a Emater [&hellip;]<\/p>\n","protected":false},"author":3,"featured_media":0,"comment_status":"open","ping_status":"open","sticky":false,"template":"","format":"standard","meta":{"tdm_status":"","tdm_grid_status":"","footnotes":""},"categories":[22],"tags":[],"class_list":{"0":"post-1616","1":"post","2":"type-post","3":"status-publish","4":"format-standard","6":"category-brasil"},"_links":{"self":[{"href":"https:\/\/migracao.redenoticia.com.br\/noticia\/wp-json\/wp\/v2\/posts\/1616","targetHints":{"allow":["GET"]}}],"collection":[{"href":"https:\/\/migracao.redenoticia.com.br\/noticia\/wp-json\/wp\/v2\/posts"}],"about":[{"href":"https:\/\/migracao.redenoticia.com.br\/noticia\/wp-json\/wp\/v2\/types\/post"}],"author":[{"embeddable":true,"href":"https:\/\/migracao.redenoticia.com.br\/noticia\/wp-json\/wp\/v2\/users\/3"}],"replies":[{"embeddable":true,"href":"https:\/\/migracao.redenoticia.com.br\/noticia\/wp-json\/wp\/v2\/comments?post=1616"}],"version-history":[{"count":0,"href":"https:\/\/migracao.redenoticia.com.br\/noticia\/wp-json\/wp\/v2\/posts\/1616\/revisions"}],"wp:attachment":[{"href":"https:\/\/migracao.redenoticia.com.br\/noticia\/wp-json\/wp\/v2\/media?parent=1616"}],"wp:term":[{"taxonomy":"category","embeddable":true,"href":"https:\/\/migracao.redenoticia.com.br\/noticia\/wp-json\/wp\/v2\/categories?post=1616"},{"taxonomy":"post_tag","embeddable":true,"href":"https:\/\/migracao.redenoticia.com.br\/noticia\/wp-json\/wp\/v2\/tags?post=1616"}],"curies":[{"name":"wp","href":"https:\/\/api.w.org\/{rel}","templated":true}]}}