{"id":161728,"date":"2018-12-02T12:23:34","date_gmt":"2018-12-02T14:23:34","guid":{"rendered":"https:\/\/www.redenoticia.com.br\/noticia\/?p=161728"},"modified":"2018-12-18T16:24:07","modified_gmt":"2018-12-18T18:24:07","slug":"novela-o-tempo-nao-para-samuca-e-surpreendido-por-pedido-de-betina","status":"publish","type":"post","link":"https:\/\/migracao.redenoticia.com.br\/noticia\/2018\/novela-o-tempo-nao-para-samuca-e-surpreendido-por-pedido-de-betina\/161728","title":{"rendered":"Novela \u201cO Tempo N\u00e3o Para\u201d: Samuca \u00e9 surpreendido por pedido de Betina"},"content":{"rendered":"<p><img loading=\"lazy\" decoding=\"async\" src=\"https:\/\/migracao.redenoticia.com.br\/noticia\/imagens\/o-tempo-nao-para-011-150x112.jpg\" alt=\"\" width=\"150\" height=\"112\" class=\"alignleft size-thumbnail wp-image-151636\" srcset=\"https:\/\/migracao.redenoticia.com.br\/noticia\/imagens\/o-tempo-nao-para-011-150x112.jpg 150w, https:\/\/migracao.redenoticia.com.br\/noticia\/imagens\/o-tempo-nao-para-011-265x198.jpg 265w, https:\/\/migracao.redenoticia.com.br\/noticia\/imagens\/o-tempo-nao-para-011-485x360.jpg 485w\" sizes=\"auto, (max-width: 150px) 100vw, 150px\" \/><strong><em>Novela \u201cO Tempo N\u00e3o Para\u201d:<\/em><\/strong> Betina (Cleo) n\u00e3o se conforma em ver seu ex Samuca (Nicolas Prattes) de casamento marcado com Marocas (Juliana Paiva). Disposta a tudo, ela j\u00e1 bolou planos mirabolantes at\u00e9 para acabar com a vida da mocinha, mas todos fracassaram.<\/p>\n<p>Mesmo com L\u00facio (Jo\u00e3o Baldasserini) fazendo v\u00e1rias investidas em Betina, ela n\u00e3o consegue tirar Samuca da cabe\u00e7a. Ap\u00f3s receber uma proposta de ir morar com o banqueiro em M\u00f4naco e construir uma nova vida com ele, a empres\u00e1ria vai atr\u00e1s do dono da SamVita.<\/p>\n<p>Betina visita Samuca em seu apartamento sem avisar e vai direto ao ponto. \u201cDesculpe vir sem avisar. Eu queria muito falar com voc\u00ea&#8221;, diz ela ao chegar. \u201cAconteceu alguma coisa?&#8230; Algum problema na Funda\u00e7\u00e3o Vita?\u201d, ele pergunta. \u201cNa verdade, eu vim te fazer um pedido pessoal\u201d, ela diz, surpreendendo o empres\u00e1rio. \u201cPessoal?\u201d, ele estranha. \u201cSamuca, voc\u00ea pode achar estranho, e eu vou entender. Eu quero ser a sua madrinha de casamento com a Marocas\u201d, diz Betina.<\/p>\n<p>Sinopse \u201cO Tempo N\u00e3o Para\u201d: Anos de avan\u00e7os e descobertas que moldaram costumes, h\u00e1bitos e linguagens da sociedade contempor\u00e2nea v\u00e3o gerar um choque em uma abastada fam\u00edlia do s\u00e9culo XIX que desperta no s\u00e9culo XXI. Por 132 anos, os Sabino Machado e seus agregados ficaram congelados, dentro de um bloco de gelo, enquanto a vida l\u00e1 fora passava. Agora, v\u00e3o despertar em uma S\u00e3o Paulo pulsante e turbulenta e se deparar com a sociedade em pleno 2018. &#8220;O Tempo N\u00e3o Para&#8221;, nova novela das 7, \u00e9 escrita por Mario Teixeira e tem dire\u00e7\u00e3o art\u00edstica de Leonardo Nogueira.<\/p>\n","protected":false},"excerpt":{"rendered":"<p>Novela \u201cO Tempo N\u00e3o Para\u201d: Betina (Cleo) n\u00e3o se conforma em ver seu ex Samuca (Nicolas Prattes) de casamento marcado com Marocas (Juliana Paiva). Disposta a tudo, ela j\u00e1 bolou planos mirabolantes at\u00e9 para acabar com a vida da mocinha, mas todos fracassaram. Mesmo com L\u00facio (Jo\u00e3o Baldasserini) fazendo v\u00e1rias investidas em Betina, ela n\u00e3o [&hellip;]<\/p>\n","protected":false},"author":4,"featured_media":151636,"comment_status":"open","ping_status":"closed","sticky":false,"template":"","format":"standard","meta":{"tdm_status":"","tdm_grid_status":"","footnotes":""},"categories":[379,490,375,343],"tags":[523],"class_list":{"0":"post-161728","1":"post","2":"type-post","3":"status-publish","4":"format-standard","5":"has-post-thumbnail","7":"category-novelas","8":"category-o-tempo-nao-para","9":"category-rede-globo","10":"category-televisao","11":"tag-variedades"},"_links":{"self":[{"href":"https:\/\/migracao.redenoticia.com.br\/noticia\/wp-json\/wp\/v2\/posts\/161728","targetHints":{"allow":["GET"]}}],"collection":[{"href":"https:\/\/migracao.redenoticia.com.br\/noticia\/wp-json\/wp\/v2\/posts"}],"about":[{"href":"https:\/\/migracao.redenoticia.com.br\/noticia\/wp-json\/wp\/v2\/types\/post"}],"author":[{"embeddable":true,"href":"https:\/\/migracao.redenoticia.com.br\/noticia\/wp-json\/wp\/v2\/users\/4"}],"replies":[{"embeddable":true,"href":"https:\/\/migracao.redenoticia.com.br\/noticia\/wp-json\/wp\/v2\/comments?post=161728"}],"version-history":[{"count":0,"href":"https:\/\/migracao.redenoticia.com.br\/noticia\/wp-json\/wp\/v2\/posts\/161728\/revisions"}],"wp:featuredmedia":[{"embeddable":true,"href":"https:\/\/migracao.redenoticia.com.br\/noticia\/wp-json\/wp\/v2\/media\/151636"}],"wp:attachment":[{"href":"https:\/\/migracao.redenoticia.com.br\/noticia\/wp-json\/wp\/v2\/media?parent=161728"}],"wp:term":[{"taxonomy":"category","embeddable":true,"href":"https:\/\/migracao.redenoticia.com.br\/noticia\/wp-json\/wp\/v2\/categories?post=161728"},{"taxonomy":"post_tag","embeddable":true,"href":"https:\/\/migracao.redenoticia.com.br\/noticia\/wp-json\/wp\/v2\/tags?post=161728"}],"curies":[{"name":"wp","href":"https:\/\/api.w.org\/{rel}","templated":true}]}}