{"id":161931,"date":"2018-12-13T14:43:39","date_gmt":"2018-12-13T16:43:39","guid":{"rendered":"https:\/\/www.redenoticia.com.br\/noticia\/?p=161931"},"modified":"2018-12-14T20:55:32","modified_gmt":"2018-12-14T22:55:32","slug":"novela-jesus-resumo-sexta-judas-discute-com-tome","status":"publish","type":"post","link":"https:\/\/migracao.redenoticia.com.br\/noticia\/2018\/novela-jesus-resumo-sexta-judas-discute-com-tome\/161931","title":{"rendered":"Novela \u201cJesus\u201d resumo sexta: Mateus discute com Asisa"},"content":{"rendered":"<p> <em><strong>Novela \u201cJesus\u201d resumo sexta, 14\/12<\/strong><\/em>: no capitulo 104 (*) da novela, Jesus pede para Pedro, Jo\u00e3o e Tiago n\u00e3o dizerem nada sobre a vis\u00e3o que tiveram. Sara conversa com Gabriela sobre o pedido de Corn\u00e9lius. Tiago Justo pensa em deixar Jerusal\u00e9m. Gestas e Dimas tentam distrair Nemestrino. Longinus fala sobre Salom\u00e9 com Petronius.<\/p>\n<p>Judite atualiza Caif\u00e1s sobre os acontecimentos do pal\u00e1cio. Mirian reclama da discuss\u00e3o entre os ap\u00f3stolos. Mateus discute com Asisa. Antipas d\u00e1 em cima de Temina. Helena diz que s\u00f3 quer amizade com Abel. Pilatos convida Susana para um novo torneio de lutas. Caius estranha ao ver a melhora de Diana. Dimas e Gestas roubam Nemestrino. Susana recusa o convite feito por Pilatos. Diana enfrenta Caius. Mateus diz que n\u00e3o passar\u00e1 a noite com Asisa. Antipas beija Temina. Jesus avisa a Pedro, Jo\u00e3o e Tiago que chegou a hora de partirem.<\/p>\n<p>(*) edi\u00e7\u00e3o da Rede Record, Novela \u201cJesus\u201d, sujeito a altera\u00e7\u00e3o de data e conte\u00fado.<\/p>\n<p>\u201cJesus\u201d &#8211; Ap\u00f3s receber a anuncia\u00e7\u00e3o de que o filho de Deus estava a caminho, Maria (Cl\u00e1udia Mauro) d\u00e1 a luz ao escolhido e, junto com o marido Jos\u00e9 (Michel Bercovitch), cria com valores e bons princ\u00edpios o jovem escolhido Jesus (Dudu Azevedo). A profecia do escolhido incomoda o rei Herodes (Paulo Gorgulho), que passa a perseguir a fam\u00edlia, for\u00e7ando Maria e Jos\u00e9 a criarem Jesus como um jovem comum longe de sua miss\u00e3o.<\/p>\n","protected":false},"excerpt":{"rendered":"<p>Novela \u201cJesus\u201d resumo sexta, 14\/12: no capitulo 104 (*) da novela, Jesus pede para Pedro, Jo\u00e3o e Tiago n\u00e3o dizerem nada sobre a vis\u00e3o que tiveram. Sara conversa com Gabriela sobre o pedido de Corn\u00e9lius. Tiago Justo pensa em deixar Jerusal\u00e9m. Gestas e Dimas tentam distrair Nemestrino. Longinus fala sobre Salom\u00e9 com Petronius. Judite atualiza [&hellip;]<\/p>\n","protected":false},"author":2,"featured_media":148655,"comment_status":"open","ping_status":"closed","sticky":false,"template":"","format":"standard","meta":{"tdm_status":"","tdm_grid_status":"","footnotes":""},"categories":[488,379,371,343],"tags":[441],"class_list":{"0":"post-161931","1":"post","2":"type-post","3":"status-publish","4":"format-standard","5":"has-post-thumbnail","7":"category-jesus","8":"category-novelas","9":"category-rede-record","10":"category-televisao","11":"tag-resumo-do-dia"},"_links":{"self":[{"href":"https:\/\/migracao.redenoticia.com.br\/noticia\/wp-json\/wp\/v2\/posts\/161931","targetHints":{"allow":["GET"]}}],"collection":[{"href":"https:\/\/migracao.redenoticia.com.br\/noticia\/wp-json\/wp\/v2\/posts"}],"about":[{"href":"https:\/\/migracao.redenoticia.com.br\/noticia\/wp-json\/wp\/v2\/types\/post"}],"author":[{"embeddable":true,"href":"https:\/\/migracao.redenoticia.com.br\/noticia\/wp-json\/wp\/v2\/users\/2"}],"replies":[{"embeddable":true,"href":"https:\/\/migracao.redenoticia.com.br\/noticia\/wp-json\/wp\/v2\/comments?post=161931"}],"version-history":[{"count":0,"href":"https:\/\/migracao.redenoticia.com.br\/noticia\/wp-json\/wp\/v2\/posts\/161931\/revisions"}],"wp:featuredmedia":[{"embeddable":true,"href":"https:\/\/migracao.redenoticia.com.br\/noticia\/wp-json\/wp\/v2\/media\/148655"}],"wp:attachment":[{"href":"https:\/\/migracao.redenoticia.com.br\/noticia\/wp-json\/wp\/v2\/media?parent=161931"}],"wp:term":[{"taxonomy":"category","embeddable":true,"href":"https:\/\/migracao.redenoticia.com.br\/noticia\/wp-json\/wp\/v2\/categories?post=161931"},{"taxonomy":"post_tag","embeddable":true,"href":"https:\/\/migracao.redenoticia.com.br\/noticia\/wp-json\/wp\/v2\/tags?post=161931"}],"curies":[{"name":"wp","href":"https:\/\/api.w.org\/{rel}","templated":true}]}}